{"id":1076,"date":"2017-07-21T09:47:13","date_gmt":"2017-07-21T09:47:13","guid":{"rendered":"http:\/\/www.pacientesatm.com\/?p=1076"},"modified":"2022-08-27T11:52:23","modified_gmt":"2022-08-27T11:52:23","slug":"tras-20-anos-con-neuralgia-del-trigemino-pilar-quiere-ayudar-a-otros-pacientes-a-seguir-luchando","status":"publish","type":"post","link":"https:\/\/www.pacientesatm.com\/?p=1076","title":{"rendered":"Tras 20 a\u00f1os con Neuralgia del Trigemino, Pilar quiere ayudar a otros pacientes a seguir luchando"},"content":{"rendered":"<p align=\"center\"><iframe loading=\"lazy\" src=\"https:\/\/www.youtube.com\/embed\/I35Iy4pZnzY\" width=\"560\" height=\"315\" frameborder=\"0\" allowfullscreen=\"allowfullscreen\"><\/iframe><\/p>\n<p>21\/7\/ 2017; Pilar Rebollar quiso contarnos su testimonio de superaci\u00f3n junto a su hija Mar\u00eda Jos\u00e9. Tras 20 a\u00f1os sufriendo Neuralgia del Trig\u00e9mino cl\u00e1sica a sus 84 a\u00f1os nos relata como por fin ya no tiene dolor. \u201c<strong>Aunque te den ganas, que es un sentimiento humano<\/strong>\u201d nunca hay que tirar la toalla. Quiero que mi testimonio sea la fuerza de otras personas que sufren dolor. Luchamos para que el dolor no sea cr\u00f3nico. Lo f\u00e1cil es ponerle esta etiqueta a un paciente, seg\u00fan indica su hija, Mar\u00eda Jos\u00e9. Es cierto que quiz\u00e1 no exista la cura total. Pero se debe luchar por mejorar la calidad de vida y encontrar en cada paciente la etiolog\u00eda de su dolor porque cada caso es completamente diferente, se\u00f1ala esta familia.<\/p>\n<p><strong>Departamento de Prensa de AEPA ATM.<\/strong><\/p>\n<p><strong>Para m\u00e1s informaci\u00f3n: T. 638 98 97 69<\/strong><\/p>\n<p><strong>Twitter: @AEPAATM<\/strong><\/p>\n","protected":false},"excerpt":{"rendered":"<p>21\/7\/ 2017; Pilar Rebollar quiso contarnos su testimonio de superaci\u00f3n junto a su hija Mar\u00eda Jos\u00e9. Tras 20 a\u00f1os sufriendo Neuralgia del Trig\u00e9mino cl\u00e1sica a sus 84 a\u00f1os nos relata como por fin ya no tiene dolor. \u201cAunque te den<span class=\"ellipsis\">&hellip;<\/span><\/p>\n<div class=\"read-more\"><a href=\"https:\/\/www.pacientesatm.com\/?p=1076\">Leer m\u00e1s \u203a<\/a><\/div>\n<p><!-- end of .read-more --><\/p>\n","protected":false},"author":3,"featured_media":1088,"comment_status":"closed","ping_status":"closed","sticky":false,"template":"","format":"standard","meta":{"footnotes":""},"categories":[4,3],"tags":[],"class_list":["post-1076","post","type-post","status-publish","format-standard","has-post-thumbnail","hentry","category-noticas-de-portada","category-noticias"],"yoast_head":"<!-- This site is optimized with the Yoast SEO plugin v21.1 - https:\/\/yoast.com\/wordpress\/plugins\/seo\/ -->\n<title>Tras 20 a\u00f1os con Neuralgia del Trigemino, Pilar quiere ayudar a otros pacientes a seguir luchando - Asociaci\u00f3n Espa\u00f1ola de Pacientes con Dolor Neurop\u00e1tico<\/title>\n<meta name=\"description\" content=\"Asociaci\u00f3n de Pacientes que sufren Dolor. Nuestro equipo de m\u00e9dicos y sanitarios intentamos ayudar a todos los pacientes que sufren dolor\" \/>\n<meta name=\"robots\" content=\"index, follow, max-snippet:-1, max-image-preview:large, max-video-preview:-1\" \/>\n<link rel=\"canonical\" href=\"https:\/\/www.pacientesatm.com\/?p=1076\" \/>\n<meta property=\"og:locale\" content=\"es_ES\" \/>\n<meta property=\"og:type\" content=\"article\" \/>\n<meta property=\"og:title\" content=\"Tras 20 a\u00f1os con Neuralgia del Trigemino, Pilar quiere ayudar a otros pacientes a seguir luchando - Asociaci\u00f3n Espa\u00f1ola de Pacientes con Dolor Neurop\u00e1tico\" \/>\n<meta property=\"og:description\" content=\"Asociaci\u00f3n de Pacientes que sufren Dolor. Nuestro equipo de m\u00e9dicos y sanitarios intentamos ayudar a todos los pacientes que sufren dolor\" \/>\n<meta property=\"og:url\" content=\"https:\/\/www.pacientesatm.com\/?p=1076\" \/>\n<meta property=\"og:site_name\" content=\"Asociaci\u00f3n Espa\u00f1ola de Pacientes con Dolor Neurop\u00e1tico\" \/>\n<meta property=\"article:publisher\" content=\"https:\/\/www.facebook.com\/dolorneuropatico\" \/>\n<meta property=\"article:published_time\" content=\"2017-07-21T09:47:13+00:00\" \/>\n<meta property=\"article:modified_time\" content=\"2022-08-27T11:52:23+00:00\" \/>\n<meta property=\"og:image\" content=\"https:\/\/www.pacientesatm.com\/wp-content\/uploads\/2017\/07\/logovideoultimo.png\" \/>\n\t<meta property=\"og:image:width\" content=\"853\" \/>\n\t<meta property=\"og:image:height\" content=\"480\" \/>\n\t<meta property=\"og:image:type\" content=\"image\/png\" \/>\n<meta name=\"author\" content=\"Ignacio del Rio\" \/>\n<meta name=\"twitter:card\" content=\"summary_large_image\" \/>\n<meta name=\"twitter:creator\" content=\"@AlianzaDolor\" \/>\n<meta name=\"twitter:site\" content=\"@AlianzaDolor\" \/>\n<meta name=\"twitter:label1\" content=\"Escrito por\" \/>\n\t<meta name=\"twitter:data1\" content=\"Ignacio del Rio\" \/>\n\t<meta name=\"twitter:label2\" content=\"Tiempo de lectura\" \/>\n\t<meta name=\"twitter:data2\" content=\"1 minuto\" \/>\n<script type=\"application\/ld+json\" class=\"yoast-schema-graph\">{\"@context\":\"https:\/\/schema.org\",\"@graph\":[{\"@type\":\"NewsArticle\",\"@id\":\"https:\/\/www.pacientesatm.com\/?p=1076#article\",\"isPartOf\":{\"@id\":\"https:\/\/www.pacientesatm.com\/?p=1076\"},\"author\":{\"name\":\"Ignacio del Rio\",\"@id\":\"https:\/\/www.pacientesatm.com\/#\/schema\/person\/b2abb3172d8c79abb77ae65f95c64582\"},\"headline\":\"Tras 20 a\u00f1os con Neuralgia del Trigemino, Pilar quiere ayudar a otros pacientes a seguir luchando\",\"datePublished\":\"2017-07-21T09:47:13+00:00\",\"dateModified\":\"2022-08-27T11:52:23+00:00\",\"mainEntityOfPage\":{\"@id\":\"https:\/\/www.pacientesatm.com\/?p=1076\"},\"wordCount\":164,\"publisher\":{\"@id\":\"https:\/\/www.pacientesatm.com\/#organization\"},\"articleSection\":[\"Noticas de Portada\",\"Noticias\"],\"inLanguage\":\"es\"},{\"@type\":[\"WebPage\",\"MedicalWebPage\"],\"@id\":\"https:\/\/www.pacientesatm.com\/?p=1076\",\"url\":\"https:\/\/www.pacientesatm.com\/?p=1076\",\"name\":\"Tras 20 a\u00f1os con Neuralgia del Trigemino, Pilar quiere ayudar a otros pacientes a seguir luchando - Asociaci\u00f3n Espa\u00f1ola de Pacientes con Dolor Neurop\u00e1tico\",\"isPartOf\":{\"@id\":\"https:\/\/www.pacientesatm.com\/#website\"},\"datePublished\":\"2017-07-21T09:47:13+00:00\",\"dateModified\":\"2022-08-27T11:52:23+00:00\",\"description\":\"Asociaci\u00f3n de Pacientes que sufren Dolor. Nuestro equipo de m\u00e9dicos y sanitarios intentamos ayudar a todos los pacientes que sufren dolor\",\"breadcrumb\":{\"@id\":\"https:\/\/www.pacientesatm.com\/?p=1076#breadcrumb\"},\"inLanguage\":\"es\",\"potentialAction\":[{\"@type\":\"ReadAction\",\"target\":[\"https:\/\/www.pacientesatm.com\/?p=1076\"]}]},{\"@type\":\"BreadcrumbList\",\"@id\":\"https:\/\/www.pacientesatm.com\/?p=1076#breadcrumb\",\"itemListElement\":[{\"@type\":\"ListItem\",\"position\":1,\"name\":\"Portada\",\"item\":\"https:\/\/www.pacientesatm.com\/\"},{\"@type\":\"ListItem\",\"position\":2,\"name\":\"Tras 20 a\u00f1os con Neuralgia del Trigemino, Pilar quiere ayudar a otros pacientes a seguir luchando\"}]},{\"@type\":\"WebSite\",\"@id\":\"https:\/\/www.pacientesatm.com\/#website\",\"url\":\"https:\/\/www.pacientesatm.com\/\",\"name\":\"Asociaci\u00f3n Espa\u00f1ola de Pacientes con Dolor Trig\u00e9mino\",\"description\":\"Asociaci\u00f3n Espa\u00f1ola de Pacientes con Dolor Neuropatico, Dolor Cronico y Neuralgia del Trig\u00e9mino\",\"publisher\":{\"@id\":\"https:\/\/www.pacientesatm.com\/#organization\"},\"alternateName\":\"Alianza Contra el Dolor\",\"potentialAction\":[{\"@type\":\"SearchAction\",\"target\":{\"@type\":\"EntryPoint\",\"urlTemplate\":\"https:\/\/www.pacientesatm.com\/?s={search_term_string}\"},\"query-input\":\"required name=search_term_string\"}],\"inLanguage\":\"es\"},{\"@type\":\"Organization\",\"@id\":\"https:\/\/www.pacientesatm.com\/#organization\",\"name\":\"Alianza Contra el Dolor\",\"alternateName\":\"Alianza Contra el Dolor\",\"url\":\"https:\/\/www.pacientesatm.com\/\",\"logo\":{\"@type\":\"ImageObject\",\"inLanguage\":\"es\",\"@id\":\"https:\/\/www.pacientesatm.com\/#\/schema\/logo\/image\/\",\"url\":\"https:\/\/www.pacientesatm.com\/wp-content\/uploads\/2022\/10\/Logo_alianzadolor2022_fondotransparente.png\",\"contentUrl\":\"https:\/\/www.pacientesatm.com\/wp-content\/uploads\/2022\/10\/Logo_alianzadolor2022_fondotransparente.png\",\"width\":709,\"height\":709,\"caption\":\"Alianza Contra el Dolor\"},\"image\":{\"@id\":\"https:\/\/www.pacientesatm.com\/#\/schema\/logo\/image\/\"},\"sameAs\":[\"https:\/\/www.facebook.com\/dolorneuropatico\",\"https:\/\/twitter.com\/AlianzaDolor\",\"https:\/\/www.instagram.com\/alianzacontraeldolor\",\"https:\/\/www.youtube.com\/Alianzacontraeldolor\",\"https:\/\/www.linkedin.com\/company\/alianza-contra-el-dolor\/\"]},{\"@type\":\"Person\",\"@id\":\"https:\/\/www.pacientesatm.com\/#\/schema\/person\/b2abb3172d8c79abb77ae65f95c64582\",\"name\":\"Ignacio del Rio\",\"image\":{\"@type\":\"ImageObject\",\"inLanguage\":\"es\",\"@id\":\"https:\/\/www.pacientesatm.com\/#\/schema\/person\/image\/\",\"url\":\"https:\/\/secure.gravatar.com\/avatar\/63d1fa88871c7590b4875c08cc5a5de2663b014c4e5bda3333bb9fb69bb27b0a?s=96&d=mm&r=g\",\"contentUrl\":\"https:\/\/secure.gravatar.com\/avatar\/63d1fa88871c7590b4875c08cc5a5de2663b014c4e5bda3333bb9fb69bb27b0a?s=96&d=mm&r=g\",\"caption\":\"Ignacio del Rio\"},\"url\":\"https:\/\/www.pacientesatm.com\/?author=3\"}]}<\/script>\n<!-- \/ Yoast SEO plugin. -->","yoast_head_json":{"title":"Tras 20 a\u00f1os con Neuralgia del Trigemino, Pilar quiere ayudar a otros pacientes a seguir luchando - Asociaci\u00f3n Espa\u00f1ola de Pacientes con Dolor Neurop\u00e1tico","description":"Asociaci\u00f3n de Pacientes que sufren Dolor. Nuestro equipo de m\u00e9dicos y sanitarios intentamos ayudar a todos los pacientes que sufren dolor","robots":{"index":"index","follow":"follow","max-snippet":"max-snippet:-1","max-image-preview":"max-image-preview:large","max-video-preview":"max-video-preview:-1"},"canonical":"https:\/\/www.pacientesatm.com\/?p=1076","og_locale":"es_ES","og_type":"article","og_title":"Tras 20 a\u00f1os con Neuralgia del Trigemino, Pilar quiere ayudar a otros pacientes a seguir luchando - Asociaci\u00f3n Espa\u00f1ola de Pacientes con Dolor Neurop\u00e1tico","og_description":"Asociaci\u00f3n de Pacientes que sufren Dolor. Nuestro equipo de m\u00e9dicos y sanitarios intentamos ayudar a todos los pacientes que sufren dolor","og_url":"https:\/\/www.pacientesatm.com\/?p=1076","og_site_name":"Asociaci\u00f3n Espa\u00f1ola de Pacientes con Dolor Neurop\u00e1tico","article_publisher":"https:\/\/www.facebook.com\/dolorneuropatico","article_published_time":"2017-07-21T09:47:13+00:00","article_modified_time":"2022-08-27T11:52:23+00:00","og_image":[{"width":853,"height":480,"url":"https:\/\/www.pacientesatm.com\/wp-content\/uploads\/2017\/07\/logovideoultimo.png","type":"image\/png"}],"author":"Ignacio del Rio","twitter_card":"summary_large_image","twitter_creator":"@AlianzaDolor","twitter_site":"@AlianzaDolor","twitter_misc":{"Escrito por":"Ignacio del Rio","Tiempo de lectura":"1 minuto"},"schema":{"@context":"https:\/\/schema.org","@graph":[{"@type":"NewsArticle","@id":"https:\/\/www.pacientesatm.com\/?p=1076#article","isPartOf":{"@id":"https:\/\/www.pacientesatm.com\/?p=1076"},"author":{"name":"Ignacio del Rio","@id":"https:\/\/www.pacientesatm.com\/#\/schema\/person\/b2abb3172d8c79abb77ae65f95c64582"},"headline":"Tras 20 a\u00f1os con Neuralgia del Trigemino, Pilar quiere ayudar a otros pacientes a seguir luchando","datePublished":"2017-07-21T09:47:13+00:00","dateModified":"2022-08-27T11:52:23+00:00","mainEntityOfPage":{"@id":"https:\/\/www.pacientesatm.com\/?p=1076"},"wordCount":164,"publisher":{"@id":"https:\/\/www.pacientesatm.com\/#organization"},"articleSection":["Noticas de Portada","Noticias"],"inLanguage":"es"},{"@type":["WebPage","MedicalWebPage"],"@id":"https:\/\/www.pacientesatm.com\/?p=1076","url":"https:\/\/www.pacientesatm.com\/?p=1076","name":"Tras 20 a\u00f1os con Neuralgia del Trigemino, Pilar quiere ayudar a otros pacientes a seguir luchando - Asociaci\u00f3n Espa\u00f1ola de Pacientes con Dolor Neurop\u00e1tico","isPartOf":{"@id":"https:\/\/www.pacientesatm.com\/#website"},"datePublished":"2017-07-21T09:47:13+00:00","dateModified":"2022-08-27T11:52:23+00:00","description":"Asociaci\u00f3n de Pacientes que sufren Dolor. Nuestro equipo de m\u00e9dicos y sanitarios intentamos ayudar a todos los pacientes que sufren dolor","breadcrumb":{"@id":"https:\/\/www.pacientesatm.com\/?p=1076#breadcrumb"},"inLanguage":"es","potentialAction":[{"@type":"ReadAction","target":["https:\/\/www.pacientesatm.com\/?p=1076"]}]},{"@type":"BreadcrumbList","@id":"https:\/\/www.pacientesatm.com\/?p=1076#breadcrumb","itemListElement":[{"@type":"ListItem","position":1,"name":"Portada","item":"https:\/\/www.pacientesatm.com\/"},{"@type":"ListItem","position":2,"name":"Tras 20 a\u00f1os con Neuralgia del Trigemino, Pilar quiere ayudar a otros pacientes a seguir luchando"}]},{"@type":"WebSite","@id":"https:\/\/www.pacientesatm.com\/#website","url":"https:\/\/www.pacientesatm.com\/","name":"Asociaci\u00f3n Espa\u00f1ola de Pacientes con Dolor Trig\u00e9mino","description":"Asociaci\u00f3n Espa\u00f1ola de Pacientes con Dolor Neuropatico, Dolor Cronico y Neuralgia del Trig\u00e9mino","publisher":{"@id":"https:\/\/www.pacientesatm.com\/#organization"},"alternateName":"Alianza Contra el Dolor","potentialAction":[{"@type":"SearchAction","target":{"@type":"EntryPoint","urlTemplate":"https:\/\/www.pacientesatm.com\/?s={search_term_string}"},"query-input":"required name=search_term_string"}],"inLanguage":"es"},{"@type":"Organization","@id":"https:\/\/www.pacientesatm.com\/#organization","name":"Alianza Contra el Dolor","alternateName":"Alianza Contra el Dolor","url":"https:\/\/www.pacientesatm.com\/","logo":{"@type":"ImageObject","inLanguage":"es","@id":"https:\/\/www.pacientesatm.com\/#\/schema\/logo\/image\/","url":"https:\/\/www.pacientesatm.com\/wp-content\/uploads\/2022\/10\/Logo_alianzadolor2022_fondotransparente.png","contentUrl":"https:\/\/www.pacientesatm.com\/wp-content\/uploads\/2022\/10\/Logo_alianzadolor2022_fondotransparente.png","width":709,"height":709,"caption":"Alianza Contra el Dolor"},"image":{"@id":"https:\/\/www.pacientesatm.com\/#\/schema\/logo\/image\/"},"sameAs":["https:\/\/www.facebook.com\/dolorneuropatico","https:\/\/twitter.com\/AlianzaDolor","https:\/\/www.instagram.com\/alianzacontraeldolor","https:\/\/www.youtube.com\/Alianzacontraeldolor","https:\/\/www.linkedin.com\/company\/alianza-contra-el-dolor\/"]},{"@type":"Person","@id":"https:\/\/www.pacientesatm.com\/#\/schema\/person\/b2abb3172d8c79abb77ae65f95c64582","name":"Ignacio del Rio","image":{"@type":"ImageObject","inLanguage":"es","@id":"https:\/\/www.pacientesatm.com\/#\/schema\/person\/image\/","url":"https:\/\/secure.gravatar.com\/avatar\/63d1fa88871c7590b4875c08cc5a5de2663b014c4e5bda3333bb9fb69bb27b0a?s=96&d=mm&r=g","contentUrl":"https:\/\/secure.gravatar.com\/avatar\/63d1fa88871c7590b4875c08cc5a5de2663b014c4e5bda3333bb9fb69bb27b0a?s=96&d=mm&r=g","caption":"Ignacio del Rio"},"url":"https:\/\/www.pacientesatm.com\/?author=3"}]}},"_links":{"self":[{"href":"https:\/\/www.pacientesatm.com\/index.php?rest_route=\/wp\/v2\/posts\/1076","targetHints":{"allow":["GET"]}}],"collection":[{"href":"https:\/\/www.pacientesatm.com\/index.php?rest_route=\/wp\/v2\/posts"}],"about":[{"href":"https:\/\/www.pacientesatm.com\/index.php?rest_route=\/wp\/v2\/types\/post"}],"author":[{"embeddable":true,"href":"https:\/\/www.pacientesatm.com\/index.php?rest_route=\/wp\/v2\/users\/3"}],"replies":[{"embeddable":true,"href":"https:\/\/www.pacientesatm.com\/index.php?rest_route=%2Fwp%2Fv2%2Fcomments&post=1076"}],"version-history":[{"count":11,"href":"https:\/\/www.pacientesatm.com\/index.php?rest_route=\/wp\/v2\/posts\/1076\/revisions"}],"predecessor-version":[{"id":1087,"href":"https:\/\/www.pacientesatm.com\/index.php?rest_route=\/wp\/v2\/posts\/1076\/revisions\/1087"}],"wp:featuredmedia":[{"embeddable":true,"href":"https:\/\/www.pacientesatm.com\/index.php?rest_route=\/wp\/v2\/media\/1088"}],"wp:attachment":[{"href":"https:\/\/www.pacientesatm.com\/index.php?rest_route=%2Fwp%2Fv2%2Fmedia&parent=1076"}],"wp:term":[{"taxonomy":"category","embeddable":true,"href":"https:\/\/www.pacientesatm.com\/index.php?rest_route=%2Fwp%2Fv2%2Fcategories&post=1076"},{"taxonomy":"post_tag","embeddable":true,"href":"https:\/\/www.pacientesatm.com\/index.php?rest_route=%2Fwp%2Fv2%2Ftags&post=1076"}],"curies":[{"name":"wp","href":"https:\/\/api.w.org\/{rel}","templated":true}]}}