{"id":1108,"date":"2017-10-08T10:33:24","date_gmt":"2017-10-08T10:33:24","guid":{"rendered":"http:\/\/www.pacientesatm.com\/?p=1108"},"modified":"2022-08-27T12:14:22","modified_gmt":"2022-08-27T12:14:22","slug":"el-dolor-es-una-enfermedad-y-asi-debe-ser-reconocida","status":"publish","type":"post","link":"https:\/\/www.pacientesatm.com\/?p=1108","title":{"rendered":"El dolor es una enfermedad y as\u00ed debe ser reconocida"},"content":{"rendered":"<p>La Asociaci\u00f3n Espa\u00f1ola de Pacientes con\u00a0 Dolor estuvo presente en la reuni\u00f3n\u00a0 SIP 2017 celebrada en Bruselas en Octubre 2017.<\/p>\n<p>En este debate de discusi\u00f3n con representantes internacionales de entidades internacionales sobre el dolor cada una expuso su punto de vista y sus problemas particulares de acuerdo a su pa\u00eds de origen.<\/p>\n<p>Sobre las necesidades de cada\u00a0 pa\u00eds en materia del Dolor. Nuestra entidad revel\u00f3 la falta de recursos y las dificultades de acceso a tratamientos que en muchas ocasiones sufren los pacientes afectados por Dolor en Espa\u00f1a.<\/p>\n<p>Nuestra entidad coment\u00f3 las cifras ya citadas por la Europdiputada Beatriz Becerra sobre suicidios en nuestro pa\u00eds \u2013que superan en su n\u00famero a las v\u00edctimas en accidentes de tr\u00e1fico-<\/p>\n<p><img loading=\"lazy\" decoding=\"async\" class=\"alignnone size-full wp-image-1109 aligncenter\" src=\"http:\/\/www.pacientesatm.com\/wp-content\/uploads\/2017\/10\/20171004_1034002.png\" alt=\"20171004_1034002\" width=\"600\" height=\"334\" srcset=\"https:\/\/www.pacientesatm.com\/wp-content\/uploads\/2017\/10\/20171004_1034002.png 600w, https:\/\/www.pacientesatm.com\/wp-content\/uploads\/2017\/10\/20171004_1034002-300x167.png 300w, https:\/\/www.pacientesatm.com\/wp-content\/uploads\/2017\/10\/20171004_1034002-100x56.png 100w, https:\/\/www.pacientesatm.com\/wp-content\/uploads\/2017\/10\/20171004_1034002-150x84.png 150w, https:\/\/www.pacientesatm.com\/wp-content\/uploads\/2017\/10\/20171004_1034002-200x111.png 200w, https:\/\/www.pacientesatm.com\/wp-content\/uploads\/2017\/10\/20171004_1034002-450x251.png 450w\" sizes=\"auto, (max-width: 600px) 100vw, 600px\" \/><\/p>\n<p>Asi pues, comentamos que en nuestra Asociaci\u00f3n tambi\u00e9n hay personas que por no haber podido acceder al tratamiento que le hab\u00eda prescrito su m\u00e9dico, por ejemplo, un neuroestimulador\u2026 hay personas que se encuentran al l\u00edmite y comenten desgraciadamente suicidios. Una situaci\u00f3n que se puede evitar. \u00a0El acceso a tratamientos es un verdadero problema en algunas Comunidades de nuestro pa\u00eds. Situaciones que\u00a0 deben dejar de ser un tab\u00fa. Y, darse a conocer.<\/p>\n<p>Otros representantes de otros pa\u00edses como Holanda \u00f3 Alemania concretaron que elevar\u00e1n una propuesta conjunta al Parlamento Europeo para conseguir transmitir que <strong>sufrir dolor cr\u00f3nico es en si mismo es una cruel enfermedad.<\/strong><\/p>\n<p><span style=\"color: #800000;\"><strong>Departamento de Prensa especializa en salud\u00a0<\/strong><\/span><\/p>\n","protected":false},"excerpt":{"rendered":"<p>La Asociaci\u00f3n Espa\u00f1ola de Pacientes con\u00a0 Dolor estuvo presente en la reuni\u00f3n\u00a0 SIP 2017 celebrada en Bruselas en Octubre 2017. En este debate de discusi\u00f3n con representantes internacionales de entidades internacionales sobre el dolor cada una expuso su punto de<span class=\"ellipsis\">&hellip;<\/span><\/p>\n<div class=\"read-more\"><a href=\"https:\/\/www.pacientesatm.com\/?p=1108\">Leer m\u00e1s \u203a<\/a><\/div>\n<p><!-- end of .read-more --><\/p>\n","protected":false},"author":3,"featured_media":1109,"comment_status":"closed","ping_status":"closed","sticky":false,"template":"","format":"standard","meta":{"footnotes":""},"categories":[14,4,3],"tags":[9,28,7,12,10,27,26],"class_list":["post-1108","post","type-post","status-publish","format-standard","has-post-thumbnail","hentry","category-depresion","category-noticas-de-portada","category-noticias","tag-depresion","tag-depression","tag-dolor","tag-dolor-cronico","tag-pain","tag-suicide","tag-suicidio"],"yoast_head":"<!-- This site is optimized with the Yoast SEO plugin v21.1 - https:\/\/yoast.com\/wordpress\/plugins\/seo\/ -->\n<title>El dolor es una enfermedad y as\u00ed debe ser reconocida - Asociaci\u00f3n Espa\u00f1ola de Pacientes con Dolor Neurop\u00e1tico<\/title>\n<meta name=\"description\" content=\"Asociaci\u00f3n de Pacientes que sufren Dolor. Nuestro equipo de m\u00e9dicos y sanitarios intentamos ayudar a todos los pacientes que sufren dolor\" \/>\n<meta name=\"robots\" content=\"index, follow, max-snippet:-1, max-image-preview:large, max-video-preview:-1\" \/>\n<link rel=\"canonical\" href=\"https:\/\/www.pacientesatm.com\/?p=1108\" \/>\n<meta property=\"og:locale\" content=\"es_ES\" \/>\n<meta property=\"og:type\" content=\"article\" \/>\n<meta property=\"og:title\" content=\"El dolor es una enfermedad y as\u00ed debe ser reconocida - Asociaci\u00f3n Espa\u00f1ola de Pacientes con Dolor Neurop\u00e1tico\" \/>\n<meta property=\"og:description\" content=\"Asociaci\u00f3n de Pacientes que sufren Dolor. Nuestro equipo de m\u00e9dicos y sanitarios intentamos ayudar a todos los pacientes que sufren dolor\" \/>\n<meta property=\"og:url\" content=\"https:\/\/www.pacientesatm.com\/?p=1108\" \/>\n<meta property=\"og:site_name\" content=\"Asociaci\u00f3n Espa\u00f1ola de Pacientes con Dolor Neurop\u00e1tico\" \/>\n<meta property=\"article:publisher\" content=\"https:\/\/www.facebook.com\/dolorneuropatico\" \/>\n<meta property=\"article:published_time\" content=\"2017-10-08T10:33:24+00:00\" \/>\n<meta property=\"article:modified_time\" content=\"2022-08-27T12:14:22+00:00\" \/>\n<meta property=\"og:image\" content=\"https:\/\/www.pacientesatm.com\/wp-content\/uploads\/2017\/10\/20171004_1034002.png\" \/>\n\t<meta property=\"og:image:width\" content=\"600\" \/>\n\t<meta property=\"og:image:height\" content=\"334\" \/>\n\t<meta property=\"og:image:type\" content=\"image\/png\" \/>\n<meta name=\"author\" content=\"Ignacio del Rio\" \/>\n<meta name=\"twitter:card\" content=\"summary_large_image\" \/>\n<meta name=\"twitter:creator\" content=\"@AlianzaDolor\" \/>\n<meta name=\"twitter:site\" content=\"@AlianzaDolor\" \/>\n<meta name=\"twitter:label1\" content=\"Escrito por\" \/>\n\t<meta name=\"twitter:data1\" content=\"Ignacio del Rio\" \/>\n\t<meta name=\"twitter:label2\" content=\"Tiempo de lectura\" \/>\n\t<meta name=\"twitter:data2\" content=\"2 minutos\" \/>\n<script type=\"application\/ld+json\" class=\"yoast-schema-graph\">{\"@context\":\"https:\/\/schema.org\",\"@graph\":[{\"@type\":\"NewsArticle\",\"@id\":\"https:\/\/www.pacientesatm.com\/?p=1108#article\",\"isPartOf\":{\"@id\":\"https:\/\/www.pacientesatm.com\/?p=1108\"},\"author\":{\"name\":\"Ignacio del Rio\",\"@id\":\"https:\/\/www.pacientesatm.com\/#\/schema\/person\/b2abb3172d8c79abb77ae65f95c64582\"},\"headline\":\"El dolor es una enfermedad y as\u00ed debe ser reconocida\",\"datePublished\":\"2017-10-08T10:33:24+00:00\",\"dateModified\":\"2022-08-27T12:14:22+00:00\",\"mainEntityOfPage\":{\"@id\":\"https:\/\/www.pacientesatm.com\/?p=1108\"},\"wordCount\":255,\"publisher\":{\"@id\":\"https:\/\/www.pacientesatm.com\/#organization\"},\"keywords\":[\"depresi\u00f3n\",\"depression\",\"dolor\",\"dolor cr\u00f3nico\",\"pain\",\"SUICIDE\",\"SUICIDIO\"],\"articleSection\":[\"Depresi\u00f3n\",\"Noticas de Portada\",\"Noticias\"],\"inLanguage\":\"es\"},{\"@type\":[\"WebPage\",\"MedicalWebPage\"],\"@id\":\"https:\/\/www.pacientesatm.com\/?p=1108\",\"url\":\"https:\/\/www.pacientesatm.com\/?p=1108\",\"name\":\"El dolor es una enfermedad y as\u00ed debe ser reconocida - Asociaci\u00f3n Espa\u00f1ola de Pacientes con Dolor Neurop\u00e1tico\",\"isPartOf\":{\"@id\":\"https:\/\/www.pacientesatm.com\/#website\"},\"datePublished\":\"2017-10-08T10:33:24+00:00\",\"dateModified\":\"2022-08-27T12:14:22+00:00\",\"description\":\"Asociaci\u00f3n de Pacientes que sufren Dolor. Nuestro equipo de m\u00e9dicos y sanitarios intentamos ayudar a todos los pacientes que sufren dolor\",\"breadcrumb\":{\"@id\":\"https:\/\/www.pacientesatm.com\/?p=1108#breadcrumb\"},\"inLanguage\":\"es\",\"potentialAction\":[{\"@type\":\"ReadAction\",\"target\":[\"https:\/\/www.pacientesatm.com\/?p=1108\"]}]},{\"@type\":\"BreadcrumbList\",\"@id\":\"https:\/\/www.pacientesatm.com\/?p=1108#breadcrumb\",\"itemListElement\":[{\"@type\":\"ListItem\",\"position\":1,\"name\":\"Portada\",\"item\":\"https:\/\/www.pacientesatm.com\/\"},{\"@type\":\"ListItem\",\"position\":2,\"name\":\"El dolor es una enfermedad y as\u00ed debe ser reconocida\"}]},{\"@type\":\"WebSite\",\"@id\":\"https:\/\/www.pacientesatm.com\/#website\",\"url\":\"https:\/\/www.pacientesatm.com\/\",\"name\":\"Asociaci\u00f3n Espa\u00f1ola de Pacientes con Dolor Trig\u00e9mino\",\"description\":\"Asociaci\u00f3n Espa\u00f1ola de Pacientes con Dolor Neuropatico, Dolor Cronico y Neuralgia del Trig\u00e9mino\",\"publisher\":{\"@id\":\"https:\/\/www.pacientesatm.com\/#organization\"},\"alternateName\":\"Alianza Contra el Dolor\",\"potentialAction\":[{\"@type\":\"SearchAction\",\"target\":{\"@type\":\"EntryPoint\",\"urlTemplate\":\"https:\/\/www.pacientesatm.com\/?s={search_term_string}\"},\"query-input\":\"required name=search_term_string\"}],\"inLanguage\":\"es\"},{\"@type\":\"Organization\",\"@id\":\"https:\/\/www.pacientesatm.com\/#organization\",\"name\":\"Alianza Contra el Dolor\",\"alternateName\":\"Alianza Contra el Dolor\",\"url\":\"https:\/\/www.pacientesatm.com\/\",\"logo\":{\"@type\":\"ImageObject\",\"inLanguage\":\"es\",\"@id\":\"https:\/\/www.pacientesatm.com\/#\/schema\/logo\/image\/\",\"url\":\"https:\/\/www.pacientesatm.com\/wp-content\/uploads\/2022\/10\/Logo_alianzadolor2022_fondotransparente.png\",\"contentUrl\":\"https:\/\/www.pacientesatm.com\/wp-content\/uploads\/2022\/10\/Logo_alianzadolor2022_fondotransparente.png\",\"width\":709,\"height\":709,\"caption\":\"Alianza Contra el Dolor\"},\"image\":{\"@id\":\"https:\/\/www.pacientesatm.com\/#\/schema\/logo\/image\/\"},\"sameAs\":[\"https:\/\/www.facebook.com\/dolorneuropatico\",\"https:\/\/twitter.com\/AlianzaDolor\",\"https:\/\/www.instagram.com\/alianzacontraeldolor\",\"https:\/\/www.youtube.com\/Alianzacontraeldolor\",\"https:\/\/www.linkedin.com\/company\/alianza-contra-el-dolor\/\"]},{\"@type\":\"Person\",\"@id\":\"https:\/\/www.pacientesatm.com\/#\/schema\/person\/b2abb3172d8c79abb77ae65f95c64582\",\"name\":\"Ignacio del Rio\",\"image\":{\"@type\":\"ImageObject\",\"inLanguage\":\"es\",\"@id\":\"https:\/\/www.pacientesatm.com\/#\/schema\/person\/image\/\",\"url\":\"https:\/\/secure.gravatar.com\/avatar\/63d1fa88871c7590b4875c08cc5a5de2663b014c4e5bda3333bb9fb69bb27b0a?s=96&d=mm&r=g\",\"contentUrl\":\"https:\/\/secure.gravatar.com\/avatar\/63d1fa88871c7590b4875c08cc5a5de2663b014c4e5bda3333bb9fb69bb27b0a?s=96&d=mm&r=g\",\"caption\":\"Ignacio del Rio\"},\"url\":\"https:\/\/www.pacientesatm.com\/?author=3\"}]}<\/script>\n<!-- \/ Yoast SEO plugin. -->","yoast_head_json":{"title":"El dolor es una enfermedad y as\u00ed debe ser reconocida - Asociaci\u00f3n Espa\u00f1ola de Pacientes con Dolor Neurop\u00e1tico","description":"Asociaci\u00f3n de Pacientes que sufren Dolor. Nuestro equipo de m\u00e9dicos y sanitarios intentamos ayudar a todos los pacientes que sufren dolor","robots":{"index":"index","follow":"follow","max-snippet":"max-snippet:-1","max-image-preview":"max-image-preview:large","max-video-preview":"max-video-preview:-1"},"canonical":"https:\/\/www.pacientesatm.com\/?p=1108","og_locale":"es_ES","og_type":"article","og_title":"El dolor es una enfermedad y as\u00ed debe ser reconocida - Asociaci\u00f3n Espa\u00f1ola de Pacientes con Dolor Neurop\u00e1tico","og_description":"Asociaci\u00f3n de Pacientes que sufren Dolor. Nuestro equipo de m\u00e9dicos y sanitarios intentamos ayudar a todos los pacientes que sufren dolor","og_url":"https:\/\/www.pacientesatm.com\/?p=1108","og_site_name":"Asociaci\u00f3n Espa\u00f1ola de Pacientes con Dolor Neurop\u00e1tico","article_publisher":"https:\/\/www.facebook.com\/dolorneuropatico","article_published_time":"2017-10-08T10:33:24+00:00","article_modified_time":"2022-08-27T12:14:22+00:00","og_image":[{"width":600,"height":334,"url":"https:\/\/www.pacientesatm.com\/wp-content\/uploads\/2017\/10\/20171004_1034002.png","type":"image\/png"}],"author":"Ignacio del Rio","twitter_card":"summary_large_image","twitter_creator":"@AlianzaDolor","twitter_site":"@AlianzaDolor","twitter_misc":{"Escrito por":"Ignacio del Rio","Tiempo de lectura":"2 minutos"},"schema":{"@context":"https:\/\/schema.org","@graph":[{"@type":"NewsArticle","@id":"https:\/\/www.pacientesatm.com\/?p=1108#article","isPartOf":{"@id":"https:\/\/www.pacientesatm.com\/?p=1108"},"author":{"name":"Ignacio del Rio","@id":"https:\/\/www.pacientesatm.com\/#\/schema\/person\/b2abb3172d8c79abb77ae65f95c64582"},"headline":"El dolor es una enfermedad y as\u00ed debe ser reconocida","datePublished":"2017-10-08T10:33:24+00:00","dateModified":"2022-08-27T12:14:22+00:00","mainEntityOfPage":{"@id":"https:\/\/www.pacientesatm.com\/?p=1108"},"wordCount":255,"publisher":{"@id":"https:\/\/www.pacientesatm.com\/#organization"},"keywords":["depresi\u00f3n","depression","dolor","dolor cr\u00f3nico","pain","SUICIDE","SUICIDIO"],"articleSection":["Depresi\u00f3n","Noticas de Portada","Noticias"],"inLanguage":"es"},{"@type":["WebPage","MedicalWebPage"],"@id":"https:\/\/www.pacientesatm.com\/?p=1108","url":"https:\/\/www.pacientesatm.com\/?p=1108","name":"El dolor es una enfermedad y as\u00ed debe ser reconocida - Asociaci\u00f3n Espa\u00f1ola de Pacientes con Dolor Neurop\u00e1tico","isPartOf":{"@id":"https:\/\/www.pacientesatm.com\/#website"},"datePublished":"2017-10-08T10:33:24+00:00","dateModified":"2022-08-27T12:14:22+00:00","description":"Asociaci\u00f3n de Pacientes que sufren Dolor. Nuestro equipo de m\u00e9dicos y sanitarios intentamos ayudar a todos los pacientes que sufren dolor","breadcrumb":{"@id":"https:\/\/www.pacientesatm.com\/?p=1108#breadcrumb"},"inLanguage":"es","potentialAction":[{"@type":"ReadAction","target":["https:\/\/www.pacientesatm.com\/?p=1108"]}]},{"@type":"BreadcrumbList","@id":"https:\/\/www.pacientesatm.com\/?p=1108#breadcrumb","itemListElement":[{"@type":"ListItem","position":1,"name":"Portada","item":"https:\/\/www.pacientesatm.com\/"},{"@type":"ListItem","position":2,"name":"El dolor es una enfermedad y as\u00ed debe ser reconocida"}]},{"@type":"WebSite","@id":"https:\/\/www.pacientesatm.com\/#website","url":"https:\/\/www.pacientesatm.com\/","name":"Asociaci\u00f3n Espa\u00f1ola de Pacientes con Dolor Trig\u00e9mino","description":"Asociaci\u00f3n Espa\u00f1ola de Pacientes con Dolor Neuropatico, Dolor Cronico y Neuralgia del Trig\u00e9mino","publisher":{"@id":"https:\/\/www.pacientesatm.com\/#organization"},"alternateName":"Alianza Contra el Dolor","potentialAction":[{"@type":"SearchAction","target":{"@type":"EntryPoint","urlTemplate":"https:\/\/www.pacientesatm.com\/?s={search_term_string}"},"query-input":"required name=search_term_string"}],"inLanguage":"es"},{"@type":"Organization","@id":"https:\/\/www.pacientesatm.com\/#organization","name":"Alianza Contra el Dolor","alternateName":"Alianza Contra el Dolor","url":"https:\/\/www.pacientesatm.com\/","logo":{"@type":"ImageObject","inLanguage":"es","@id":"https:\/\/www.pacientesatm.com\/#\/schema\/logo\/image\/","url":"https:\/\/www.pacientesatm.com\/wp-content\/uploads\/2022\/10\/Logo_alianzadolor2022_fondotransparente.png","contentUrl":"https:\/\/www.pacientesatm.com\/wp-content\/uploads\/2022\/10\/Logo_alianzadolor2022_fondotransparente.png","width":709,"height":709,"caption":"Alianza Contra el Dolor"},"image":{"@id":"https:\/\/www.pacientesatm.com\/#\/schema\/logo\/image\/"},"sameAs":["https:\/\/www.facebook.com\/dolorneuropatico","https:\/\/twitter.com\/AlianzaDolor","https:\/\/www.instagram.com\/alianzacontraeldolor","https:\/\/www.youtube.com\/Alianzacontraeldolor","https:\/\/www.linkedin.com\/company\/alianza-contra-el-dolor\/"]},{"@type":"Person","@id":"https:\/\/www.pacientesatm.com\/#\/schema\/person\/b2abb3172d8c79abb77ae65f95c64582","name":"Ignacio del Rio","image":{"@type":"ImageObject","inLanguage":"es","@id":"https:\/\/www.pacientesatm.com\/#\/schema\/person\/image\/","url":"https:\/\/secure.gravatar.com\/avatar\/63d1fa88871c7590b4875c08cc5a5de2663b014c4e5bda3333bb9fb69bb27b0a?s=96&d=mm&r=g","contentUrl":"https:\/\/secure.gravatar.com\/avatar\/63d1fa88871c7590b4875c08cc5a5de2663b014c4e5bda3333bb9fb69bb27b0a?s=96&d=mm&r=g","caption":"Ignacio del Rio"},"url":"https:\/\/www.pacientesatm.com\/?author=3"}]}},"_links":{"self":[{"href":"https:\/\/www.pacientesatm.com\/index.php?rest_route=\/wp\/v2\/posts\/1108","targetHints":{"allow":["GET"]}}],"collection":[{"href":"https:\/\/www.pacientesatm.com\/index.php?rest_route=\/wp\/v2\/posts"}],"about":[{"href":"https:\/\/www.pacientesatm.com\/index.php?rest_route=\/wp\/v2\/types\/post"}],"author":[{"embeddable":true,"href":"https:\/\/www.pacientesatm.com\/index.php?rest_route=\/wp\/v2\/users\/3"}],"replies":[{"embeddable":true,"href":"https:\/\/www.pacientesatm.com\/index.php?rest_route=%2Fwp%2Fv2%2Fcomments&post=1108"}],"version-history":[{"count":4,"href":"https:\/\/www.pacientesatm.com\/index.php?rest_route=\/wp\/v2\/posts\/1108\/revisions"}],"predecessor-version":[{"id":1680,"href":"https:\/\/www.pacientesatm.com\/index.php?rest_route=\/wp\/v2\/posts\/1108\/revisions\/1680"}],"wp:featuredmedia":[{"embeddable":true,"href":"https:\/\/www.pacientesatm.com\/index.php?rest_route=\/wp\/v2\/media\/1109"}],"wp:attachment":[{"href":"https:\/\/www.pacientesatm.com\/index.php?rest_route=%2Fwp%2Fv2%2Fmedia&parent=1108"}],"wp:term":[{"taxonomy":"category","embeddable":true,"href":"https:\/\/www.pacientesatm.com\/index.php?rest_route=%2Fwp%2Fv2%2Fcategories&post=1108"},{"taxonomy":"post_tag","embeddable":true,"href":"https:\/\/www.pacientesatm.com\/index.php?rest_route=%2Fwp%2Fv2%2Ftags&post=1108"}],"curies":[{"name":"wp","href":"https:\/\/api.w.org\/{rel}","templated":true}]}}