{"id":228,"date":"2014-05-31T21:00:39","date_gmt":"2014-05-31T21:00:39","guid":{"rendered":"http:\/\/www.pacientesatm.com\/?p=228"},"modified":"2015-11-07T14:02:33","modified_gmt":"2015-11-07T14:02:33","slug":"los-expertos-indican-que-los-veterinarios-reciben-mas-formacion-especifica-sobre-dolor-que-los-medicos","status":"publish","type":"post","link":"https:\/\/www.pacientesatm.com\/?p=228","title":{"rendered":"Los expertos indican que los veterinarios reciben m\u00e1s formaci\u00f3n espec\u00edfica sobre dolor que los  m\u00e9dicos"},"content":{"rendered":"<h2>M\u00e9dicos y pacientes reivindican mejoras en los programas de formaci\u00f3n sobre dolor y acceso a centros multidisciplinares.<\/h2>\n<p><img loading=\"lazy\" decoding=\"async\" class=\"aligncenter size-full wp-image-229\" src=\"http:\/\/www.pacientesatm.com\/wp-content\/uploads\/2014\/05\/veterinario_perro.jpg\" alt=\"veterinario_perro\" width=\"630\" height=\"420\" srcset=\"https:\/\/www.pacientesatm.com\/wp-content\/uploads\/2014\/05\/veterinario_perro.jpg 630w, https:\/\/www.pacientesatm.com\/wp-content\/uploads\/2014\/05\/veterinario_perro-300x200.jpg 300w, https:\/\/www.pacientesatm.com\/wp-content\/uploads\/2014\/05\/veterinario_perro-100x66.jpg 100w, https:\/\/www.pacientesatm.com\/wp-content\/uploads\/2014\/05\/veterinario_perro-150x100.jpg 150w, https:\/\/www.pacientesatm.com\/wp-content\/uploads\/2014\/05\/veterinario_perro-200x133.jpg 200w, https:\/\/www.pacientesatm.com\/wp-content\/uploads\/2014\/05\/veterinario_perro-450x300.jpg 450w, https:\/\/www.pacientesatm.com\/wp-content\/uploads\/2014\/05\/veterinario_perro-600x400.jpg 600w\" sizes=\"auto, (max-width: 630px) 100vw, 630px\" \/><\/p>\n<p>El pasado 24 de noviembre, se celebr\u00f3 la IV Reuni\u00f3n Nacional Dolor y Sociedad organizada por la Fundaci\u00f3n Gr\u00fcnenthal y la Fundaci\u00f3n para la Investigaci\u00f3n en Salud (FUINSA). Participaron especialistas m\u00e9dicos, representantes de Asociaciones de Pacientes y profesionales de la comunicaci\u00f3n. Los diferentes invitados intercambiaron sus puntos de vista sobre el actual abordaje y tratamiento del dolor en los centros p\u00fablicos de salud espa\u00f1oles.<\/p>\n<p>El Doctor Pedro Mart\u00edn P\u00e9rez, especialista en medicina Familiar y Comunitaria del Servicio Canario de Salud, se\u00f1al\u00f3 que existe una gran falta de formaci\u00f3n espec\u00edfica para abordar el dolor entre los profesionales sanitarios en Espa\u00f1a. <strong>\u201cEn nuestra opini\u00f3n los m\u00e9dicos de familia no reciben suficiente formaci\u00f3n pre-cl\u00ednica en la facultad sobre dolor, ni tampoco posteriormente\u201d<\/strong>, se\u00f1al\u00f3 este especialista.<\/p>\n<p>En su intervenci\u00f3n C\u00e9sar Margarit, Anestesista de la Unidad de Dolor del Hospital General Universitario de Alicante afirm\u00f3 que <strong>\u201cla especialidad veterinaria recibe m\u00e1s horas lectivas en formaci\u00f3n dedicadas al tratamiento del dolor que los m\u00e9dicos de familia. A excepci\u00f3n de los anestesistas, los especialistas m\u00e9dicos no cuentan con la suficiente formaci\u00f3n\u201d<\/strong>, recalc\u00f3 este experto.<\/p>\n<p>Un 11% de los espa\u00f1oles sufre dolor cr\u00f3nico y un 80% de los casos son tratados por m\u00e9dicos de familia, a pesar de que los anestesistas tienen mayor formaci\u00f3n espec\u00edfica para su abordaje. Por su parte, varios periodistas sanitarios revelaron que el 40% de los afectados por dolor cr\u00f3nico no est\u00e1 conforme con su tratamiento y siguen sintiendo dolor.<\/p>\n<p>Varios ponentes expusieron que el tratamiento eficaz del dolor se lograr\u00eda con acceso a equipos multidisciplinares que aportasen soluciones m\u00e9dicas, psicol\u00f3gicas, farmacol\u00f3gicas y fisioterap\u00e9uticas destinadas a disminuir el dolor y minimizar las reacciones adversas de los tratamientos y sus da\u00f1os colaterales.<\/p>\n<p>Los representantes de los pacientes destacaron la importancia de que se reconozca el dolor de los enfermos, ya que puede afectar no s\u00f3lo a su calidad de vida sino tambi\u00e9n a la de sus familias y entornos personal y laboral.<\/p>\n<h2>Pacientes informados<\/h2>\n<p>Ana V\u00e1zquez, Presidenta de la Liga Reumatol\u00f3gica Gallega, recomend\u00f3 a los pacientes <strong>\u201cno esperar a dejar de sufrir dolor para cumplir los sue\u00f1os de cada enfermo. Lo mejor es procurar tener una vida lo m\u00e1s normal posible o intentarlo\u201d<\/strong>, recalc\u00f3 esta paciente afectada por artritis reumatoide.<\/p>\n<p>Por su parte, Mar\u00eda \u00c1ngeles Prieto, Directora de la Escuela de Pacientes andaluza, reclam\u00f3 un <strong>\u201cacceso reglado, eficaz, universal y multidisciplinar\u201d<\/strong>, as\u00ed como \u201cinformaci\u00f3n que permita a los pacientes participar en la toma de decisiones sobre su tratamiento.<strong> \u201cNos encontramos con pacientes informados que quieren tomar sus propias decisiones. Los especialistas tienen la obligaci\u00f3n de adaptarse a los nuevos tiempos y a las necesidades de cada paciente\u201d<\/strong>, revel\u00f3 Prieto.<\/p>\n<p>En cuanto a la participaci\u00f3n de los tres periodistas, todos ellos coincidieron en que es necesario despertar el inter\u00e9s de la sociedad por mejorar los tratamientos actuales para paliar el dolor. <strong>\u201cA trav\u00e9s de nuestra experiencia de a\u00f1os, podemos afirmar que los casos pr\u00e1cticos -a trav\u00e9s del testimonio de los pacientes- son los que hacen conectar a la sociedad con las personas que sufren dolor y que el p\u00fablico no cambie de canal o pase la p\u00e1gina. Muchos pacientes no quieren hablar de ello, pero los m\u00e1s valientes nos conectan con una realidad que debemos conocer para que los servicios de atenci\u00f3n sanitaria mejoren\u201d<\/strong>, se\u00f1al\u00f3 la periodista Marta Serrano Beltr\u00e1n de RTVE.<\/p>\n<p>Francisco Ca\u00f1izares, presidente de la Asociaci\u00f3n de Nacional de Informadores de la Salud, se\u00f1al\u00f3 que los medios de comunicaci\u00f3n deben esforzarse en informar con rigor sobre el dolor y sus posibles tratamientos, pues la gente toma decisiones sobre su salud en base al consejo de su Doctor y, tambi\u00e9n, seg\u00fan lo que leen en los medios.<\/p>\n<h2>Desde el espectador. La opini\u00f3n de la redacci\u00f3n de AEPA ATM<\/h2>\n<p>En esta ocasi\u00f3n la Fundaci\u00f3n Gr\u00fcnenthal tuvo la deferencia de invitar a otras Asociaciones de Pacientes, entre las cuales estuvo AEPA ATM.<\/p>\n<p>Nos sorprendi\u00f3 esta presentaci\u00f3n global y muy amena por parte de todos los profesionales. Excelente calidad de las ponencias de los doctores, psic\u00f3logos y compa\u00f1eros de medios. \u00a1Enhorabuena a todos por vuestro excelente trabajo! Redacci\u00f3n de www.pacientesatm.com<\/p>\n","protected":false},"excerpt":{"rendered":"<p>M\u00e9dicos y pacientes reivindican mejoras en los programas de formaci\u00f3n sobre dolor y acceso a centros multidisciplinares. El pasado 24 de noviembre, se celebr\u00f3 la IV Reuni\u00f3n Nacional Dolor y Sociedad organizada por la Fundaci\u00f3n Gr\u00fcnenthal y la Fundaci\u00f3n para<span class=\"ellipsis\">&hellip;<\/span><\/p>\n<div class=\"read-more\"><a href=\"https:\/\/www.pacientesatm.com\/?p=228\">Leer m\u00e1s \u203a<\/a><\/div>\n<p><!-- end of .read-more --><\/p>\n","protected":false},"author":3,"featured_media":229,"comment_status":"closed","ping_status":"closed","sticky":false,"template":"","format":"standard","meta":{"footnotes":""},"categories":[3],"tags":[],"class_list":["post-228","post","type-post","status-publish","format-standard","has-post-thumbnail","hentry","category-noticias"],"yoast_head":"<!-- This site is optimized with the Yoast SEO plugin v21.1 - https:\/\/yoast.com\/wordpress\/plugins\/seo\/ -->\n<title>Los expertos indican que los veterinarios reciben m\u00e1s formaci\u00f3n espec\u00edfica sobre dolor que los m\u00e9dicos - Asociaci\u00f3n Espa\u00f1ola de Pacientes con Dolor Neurop\u00e1tico<\/title>\n<meta name=\"description\" content=\"Asociaci\u00f3n de Pacientes que sufren Dolor. Nuestro equipo de m\u00e9dicos y sanitarios intentamos ayudar a todos los pacientes que sufren dolor\" \/>\n<meta name=\"robots\" content=\"index, follow, max-snippet:-1, max-image-preview:large, max-video-preview:-1\" \/>\n<link rel=\"canonical\" href=\"https:\/\/www.pacientesatm.com\/?p=228\" \/>\n<meta property=\"og:locale\" content=\"es_ES\" \/>\n<meta property=\"og:type\" content=\"article\" \/>\n<meta property=\"og:title\" content=\"Los expertos indican que los veterinarios reciben m\u00e1s formaci\u00f3n espec\u00edfica sobre dolor que los m\u00e9dicos - Asociaci\u00f3n Espa\u00f1ola de Pacientes con Dolor Neurop\u00e1tico\" \/>\n<meta property=\"og:description\" content=\"Asociaci\u00f3n de Pacientes que sufren Dolor. Nuestro equipo de m\u00e9dicos y sanitarios intentamos ayudar a todos los pacientes que sufren dolor\" \/>\n<meta property=\"og:url\" content=\"https:\/\/www.pacientesatm.com\/?p=228\" \/>\n<meta property=\"og:site_name\" content=\"Asociaci\u00f3n Espa\u00f1ola de Pacientes con Dolor Neurop\u00e1tico\" \/>\n<meta property=\"article:publisher\" content=\"https:\/\/www.facebook.com\/dolorneuropatico\" \/>\n<meta property=\"article:published_time\" content=\"2014-05-31T21:00:39+00:00\" \/>\n<meta property=\"article:modified_time\" content=\"2015-11-07T14:02:33+00:00\" \/>\n<meta property=\"og:image\" content=\"https:\/\/www.pacientesatm.com\/wp-content\/uploads\/2014\/05\/veterinario_perro.jpg\" \/>\n\t<meta property=\"og:image:width\" content=\"630\" \/>\n\t<meta property=\"og:image:height\" content=\"420\" \/>\n\t<meta property=\"og:image:type\" content=\"image\/jpeg\" \/>\n<meta name=\"author\" content=\"Ignacio del Rio\" \/>\n<meta name=\"twitter:card\" content=\"summary_large_image\" \/>\n<meta name=\"twitter:creator\" content=\"@AlianzaDolor\" \/>\n<meta name=\"twitter:site\" content=\"@AlianzaDolor\" \/>\n<meta name=\"twitter:label1\" content=\"Escrito por\" \/>\n\t<meta name=\"twitter:data1\" content=\"Ignacio del Rio\" \/>\n\t<meta name=\"twitter:label2\" content=\"Tiempo de lectura\" \/>\n\t<meta name=\"twitter:data2\" content=\"4 minutos\" \/>\n<script type=\"application\/ld+json\" class=\"yoast-schema-graph\">{\"@context\":\"https:\/\/schema.org\",\"@graph\":[{\"@type\":\"NewsArticle\",\"@id\":\"https:\/\/www.pacientesatm.com\/?p=228#article\",\"isPartOf\":{\"@id\":\"https:\/\/www.pacientesatm.com\/?p=228\"},\"author\":{\"name\":\"Ignacio del Rio\",\"@id\":\"https:\/\/www.pacientesatm.com\/#\/schema\/person\/b2abb3172d8c79abb77ae65f95c64582\"},\"headline\":\"Los expertos indican que los veterinarios reciben m\u00e1s formaci\u00f3n espec\u00edfica sobre dolor que los m\u00e9dicos\",\"datePublished\":\"2014-05-31T21:00:39+00:00\",\"dateModified\":\"2015-11-07T14:02:33+00:00\",\"mainEntityOfPage\":{\"@id\":\"https:\/\/www.pacientesatm.com\/?p=228\"},\"wordCount\":784,\"publisher\":{\"@id\":\"https:\/\/www.pacientesatm.com\/#organization\"},\"articleSection\":[\"Noticias\"],\"inLanguage\":\"es\"},{\"@type\":[\"WebPage\",\"MedicalWebPage\"],\"@id\":\"https:\/\/www.pacientesatm.com\/?p=228\",\"url\":\"https:\/\/www.pacientesatm.com\/?p=228\",\"name\":\"Los expertos indican que los veterinarios reciben m\u00e1s formaci\u00f3n espec\u00edfica sobre dolor que los m\u00e9dicos - Asociaci\u00f3n Espa\u00f1ola de Pacientes con Dolor Neurop\u00e1tico\",\"isPartOf\":{\"@id\":\"https:\/\/www.pacientesatm.com\/#website\"},\"datePublished\":\"2014-05-31T21:00:39+00:00\",\"dateModified\":\"2015-11-07T14:02:33+00:00\",\"description\":\"Asociaci\u00f3n de Pacientes que sufren Dolor. Nuestro equipo de m\u00e9dicos y sanitarios intentamos ayudar a todos los pacientes que sufren dolor\",\"breadcrumb\":{\"@id\":\"https:\/\/www.pacientesatm.com\/?p=228#breadcrumb\"},\"inLanguage\":\"es\",\"potentialAction\":[{\"@type\":\"ReadAction\",\"target\":[\"https:\/\/www.pacientesatm.com\/?p=228\"]}]},{\"@type\":\"BreadcrumbList\",\"@id\":\"https:\/\/www.pacientesatm.com\/?p=228#breadcrumb\",\"itemListElement\":[{\"@type\":\"ListItem\",\"position\":1,\"name\":\"Portada\",\"item\":\"https:\/\/www.pacientesatm.com\/\"},{\"@type\":\"ListItem\",\"position\":2,\"name\":\"Los expertos indican que los veterinarios reciben m\u00e1s formaci\u00f3n espec\u00edfica sobre dolor que los m\u00e9dicos\"}]},{\"@type\":\"WebSite\",\"@id\":\"https:\/\/www.pacientesatm.com\/#website\",\"url\":\"https:\/\/www.pacientesatm.com\/\",\"name\":\"Asociaci\u00f3n Espa\u00f1ola de Pacientes con Dolor Trig\u00e9mino\",\"description\":\"Asociaci\u00f3n Espa\u00f1ola de Pacientes con Dolor Neuropatico, Dolor Cronico y Neuralgia del Trig\u00e9mino\",\"publisher\":{\"@id\":\"https:\/\/www.pacientesatm.com\/#organization\"},\"alternateName\":\"Alianza Contra el Dolor\",\"potentialAction\":[{\"@type\":\"SearchAction\",\"target\":{\"@type\":\"EntryPoint\",\"urlTemplate\":\"https:\/\/www.pacientesatm.com\/?s={search_term_string}\"},\"query-input\":\"required name=search_term_string\"}],\"inLanguage\":\"es\"},{\"@type\":\"Organization\",\"@id\":\"https:\/\/www.pacientesatm.com\/#organization\",\"name\":\"Alianza Contra el Dolor\",\"alternateName\":\"Alianza Contra el Dolor\",\"url\":\"https:\/\/www.pacientesatm.com\/\",\"logo\":{\"@type\":\"ImageObject\",\"inLanguage\":\"es\",\"@id\":\"https:\/\/www.pacientesatm.com\/#\/schema\/logo\/image\/\",\"url\":\"https:\/\/www.pacientesatm.com\/wp-content\/uploads\/2022\/10\/Logo_alianzadolor2022_fondotransparente.png\",\"contentUrl\":\"https:\/\/www.pacientesatm.com\/wp-content\/uploads\/2022\/10\/Logo_alianzadolor2022_fondotransparente.png\",\"width\":709,\"height\":709,\"caption\":\"Alianza Contra el Dolor\"},\"image\":{\"@id\":\"https:\/\/www.pacientesatm.com\/#\/schema\/logo\/image\/\"},\"sameAs\":[\"https:\/\/www.facebook.com\/dolorneuropatico\",\"https:\/\/twitter.com\/AlianzaDolor\",\"https:\/\/www.instagram.com\/alianzacontraeldolor\",\"https:\/\/www.youtube.com\/Alianzacontraeldolor\",\"https:\/\/www.linkedin.com\/company\/alianza-contra-el-dolor\/\"]},{\"@type\":\"Person\",\"@id\":\"https:\/\/www.pacientesatm.com\/#\/schema\/person\/b2abb3172d8c79abb77ae65f95c64582\",\"name\":\"Ignacio del Rio\",\"image\":{\"@type\":\"ImageObject\",\"inLanguage\":\"es\",\"@id\":\"https:\/\/www.pacientesatm.com\/#\/schema\/person\/image\/\",\"url\":\"https:\/\/secure.gravatar.com\/avatar\/63d1fa88871c7590b4875c08cc5a5de2663b014c4e5bda3333bb9fb69bb27b0a?s=96&d=mm&r=g\",\"contentUrl\":\"https:\/\/secure.gravatar.com\/avatar\/63d1fa88871c7590b4875c08cc5a5de2663b014c4e5bda3333bb9fb69bb27b0a?s=96&d=mm&r=g\",\"caption\":\"Ignacio del Rio\"},\"url\":\"https:\/\/www.pacientesatm.com\/?author=3\"}]}<\/script>\n<!-- \/ Yoast SEO plugin. -->","yoast_head_json":{"title":"Los expertos indican que los veterinarios reciben m\u00e1s formaci\u00f3n espec\u00edfica sobre dolor que los m\u00e9dicos - Asociaci\u00f3n Espa\u00f1ola de Pacientes con Dolor Neurop\u00e1tico","description":"Asociaci\u00f3n de Pacientes que sufren Dolor. Nuestro equipo de m\u00e9dicos y sanitarios intentamos ayudar a todos los pacientes que sufren dolor","robots":{"index":"index","follow":"follow","max-snippet":"max-snippet:-1","max-image-preview":"max-image-preview:large","max-video-preview":"max-video-preview:-1"},"canonical":"https:\/\/www.pacientesatm.com\/?p=228","og_locale":"es_ES","og_type":"article","og_title":"Los expertos indican que los veterinarios reciben m\u00e1s formaci\u00f3n espec\u00edfica sobre dolor que los m\u00e9dicos - Asociaci\u00f3n Espa\u00f1ola de Pacientes con Dolor Neurop\u00e1tico","og_description":"Asociaci\u00f3n de Pacientes que sufren Dolor. Nuestro equipo de m\u00e9dicos y sanitarios intentamos ayudar a todos los pacientes que sufren dolor","og_url":"https:\/\/www.pacientesatm.com\/?p=228","og_site_name":"Asociaci\u00f3n Espa\u00f1ola de Pacientes con Dolor Neurop\u00e1tico","article_publisher":"https:\/\/www.facebook.com\/dolorneuropatico","article_published_time":"2014-05-31T21:00:39+00:00","article_modified_time":"2015-11-07T14:02:33+00:00","og_image":[{"width":630,"height":420,"url":"https:\/\/www.pacientesatm.com\/wp-content\/uploads\/2014\/05\/veterinario_perro.jpg","type":"image\/jpeg"}],"author":"Ignacio del Rio","twitter_card":"summary_large_image","twitter_creator":"@AlianzaDolor","twitter_site":"@AlianzaDolor","twitter_misc":{"Escrito por":"Ignacio del Rio","Tiempo de lectura":"4 minutos"},"schema":{"@context":"https:\/\/schema.org","@graph":[{"@type":"NewsArticle","@id":"https:\/\/www.pacientesatm.com\/?p=228#article","isPartOf":{"@id":"https:\/\/www.pacientesatm.com\/?p=228"},"author":{"name":"Ignacio del Rio","@id":"https:\/\/www.pacientesatm.com\/#\/schema\/person\/b2abb3172d8c79abb77ae65f95c64582"},"headline":"Los expertos indican que los veterinarios reciben m\u00e1s formaci\u00f3n espec\u00edfica sobre dolor que los m\u00e9dicos","datePublished":"2014-05-31T21:00:39+00:00","dateModified":"2015-11-07T14:02:33+00:00","mainEntityOfPage":{"@id":"https:\/\/www.pacientesatm.com\/?p=228"},"wordCount":784,"publisher":{"@id":"https:\/\/www.pacientesatm.com\/#organization"},"articleSection":["Noticias"],"inLanguage":"es"},{"@type":["WebPage","MedicalWebPage"],"@id":"https:\/\/www.pacientesatm.com\/?p=228","url":"https:\/\/www.pacientesatm.com\/?p=228","name":"Los expertos indican que los veterinarios reciben m\u00e1s formaci\u00f3n espec\u00edfica sobre dolor que los m\u00e9dicos - Asociaci\u00f3n Espa\u00f1ola de Pacientes con Dolor Neurop\u00e1tico","isPartOf":{"@id":"https:\/\/www.pacientesatm.com\/#website"},"datePublished":"2014-05-31T21:00:39+00:00","dateModified":"2015-11-07T14:02:33+00:00","description":"Asociaci\u00f3n de Pacientes que sufren Dolor. Nuestro equipo de m\u00e9dicos y sanitarios intentamos ayudar a todos los pacientes que sufren dolor","breadcrumb":{"@id":"https:\/\/www.pacientesatm.com\/?p=228#breadcrumb"},"inLanguage":"es","potentialAction":[{"@type":"ReadAction","target":["https:\/\/www.pacientesatm.com\/?p=228"]}]},{"@type":"BreadcrumbList","@id":"https:\/\/www.pacientesatm.com\/?p=228#breadcrumb","itemListElement":[{"@type":"ListItem","position":1,"name":"Portada","item":"https:\/\/www.pacientesatm.com\/"},{"@type":"ListItem","position":2,"name":"Los expertos indican que los veterinarios reciben m\u00e1s formaci\u00f3n espec\u00edfica sobre dolor que los m\u00e9dicos"}]},{"@type":"WebSite","@id":"https:\/\/www.pacientesatm.com\/#website","url":"https:\/\/www.pacientesatm.com\/","name":"Asociaci\u00f3n Espa\u00f1ola de Pacientes con Dolor Trig\u00e9mino","description":"Asociaci\u00f3n Espa\u00f1ola de Pacientes con Dolor Neuropatico, Dolor Cronico y Neuralgia del Trig\u00e9mino","publisher":{"@id":"https:\/\/www.pacientesatm.com\/#organization"},"alternateName":"Alianza Contra el Dolor","potentialAction":[{"@type":"SearchAction","target":{"@type":"EntryPoint","urlTemplate":"https:\/\/www.pacientesatm.com\/?s={search_term_string}"},"query-input":"required name=search_term_string"}],"inLanguage":"es"},{"@type":"Organization","@id":"https:\/\/www.pacientesatm.com\/#organization","name":"Alianza Contra el Dolor","alternateName":"Alianza Contra el Dolor","url":"https:\/\/www.pacientesatm.com\/","logo":{"@type":"ImageObject","inLanguage":"es","@id":"https:\/\/www.pacientesatm.com\/#\/schema\/logo\/image\/","url":"https:\/\/www.pacientesatm.com\/wp-content\/uploads\/2022\/10\/Logo_alianzadolor2022_fondotransparente.png","contentUrl":"https:\/\/www.pacientesatm.com\/wp-content\/uploads\/2022\/10\/Logo_alianzadolor2022_fondotransparente.png","width":709,"height":709,"caption":"Alianza Contra el Dolor"},"image":{"@id":"https:\/\/www.pacientesatm.com\/#\/schema\/logo\/image\/"},"sameAs":["https:\/\/www.facebook.com\/dolorneuropatico","https:\/\/twitter.com\/AlianzaDolor","https:\/\/www.instagram.com\/alianzacontraeldolor","https:\/\/www.youtube.com\/Alianzacontraeldolor","https:\/\/www.linkedin.com\/company\/alianza-contra-el-dolor\/"]},{"@type":"Person","@id":"https:\/\/www.pacientesatm.com\/#\/schema\/person\/b2abb3172d8c79abb77ae65f95c64582","name":"Ignacio del Rio","image":{"@type":"ImageObject","inLanguage":"es","@id":"https:\/\/www.pacientesatm.com\/#\/schema\/person\/image\/","url":"https:\/\/secure.gravatar.com\/avatar\/63d1fa88871c7590b4875c08cc5a5de2663b014c4e5bda3333bb9fb69bb27b0a?s=96&d=mm&r=g","contentUrl":"https:\/\/secure.gravatar.com\/avatar\/63d1fa88871c7590b4875c08cc5a5de2663b014c4e5bda3333bb9fb69bb27b0a?s=96&d=mm&r=g","caption":"Ignacio del Rio"},"url":"https:\/\/www.pacientesatm.com\/?author=3"}]}},"_links":{"self":[{"href":"https:\/\/www.pacientesatm.com\/index.php?rest_route=\/wp\/v2\/posts\/228","targetHints":{"allow":["GET"]}}],"collection":[{"href":"https:\/\/www.pacientesatm.com\/index.php?rest_route=\/wp\/v2\/posts"}],"about":[{"href":"https:\/\/www.pacientesatm.com\/index.php?rest_route=\/wp\/v2\/types\/post"}],"author":[{"embeddable":true,"href":"https:\/\/www.pacientesatm.com\/index.php?rest_route=\/wp\/v2\/users\/3"}],"replies":[{"embeddable":true,"href":"https:\/\/www.pacientesatm.com\/index.php?rest_route=%2Fwp%2Fv2%2Fcomments&post=228"}],"version-history":[{"count":1,"href":"https:\/\/www.pacientesatm.com\/index.php?rest_route=\/wp\/v2\/posts\/228\/revisions"}],"predecessor-version":[{"id":230,"href":"https:\/\/www.pacientesatm.com\/index.php?rest_route=\/wp\/v2\/posts\/228\/revisions\/230"}],"wp:featuredmedia":[{"embeddable":true,"href":"https:\/\/www.pacientesatm.com\/index.php?rest_route=\/wp\/v2\/media\/229"}],"wp:attachment":[{"href":"https:\/\/www.pacientesatm.com\/index.php?rest_route=%2Fwp%2Fv2%2Fmedia&parent=228"}],"wp:term":[{"taxonomy":"category","embeddable":true,"href":"https:\/\/www.pacientesatm.com\/index.php?rest_route=%2Fwp%2Fv2%2Fcategories&post=228"},{"taxonomy":"post_tag","embeddable":true,"href":"https:\/\/www.pacientesatm.com\/index.php?rest_route=%2Fwp%2Fv2%2Ftags&post=228"}],"curies":[{"name":"wp","href":"https:\/\/api.w.org\/{rel}","templated":true}]}}