{"id":231,"date":"2014-05-31T21:04:50","date_gmt":"2014-05-31T21:04:50","guid":{"rendered":"http:\/\/www.pacientesatm.com\/?p=231"},"modified":"2015-11-07T14:02:16","modified_gmt":"2015-11-07T14:02:16","slug":"el-dolor-orofacial-es-peor-que-el-dolor-de-cabeza-y-espalda","status":"publish","type":"post","link":"https:\/\/www.pacientesatm.com\/?p=231","title":{"rendered":"El dolor orofacial es peor que el dolor de cabeza y espalda"},"content":{"rendered":"<p>Una investigaci\u00f3n llevada a cabo por Amin Mokhtari y Rachel Leeson en el Hospital Dental de Eastman, Londres, en la que han colaborado 262 pacientes prueba que el dolor orofacial cr\u00f3nico es uno de los peores que pueda soportar el ser humano e incapacita mucho m\u00e1s que otros para llevar una vida normal y para trabajar si se compara con el dolor de cabeza y el dolor de espalda.<\/p>\n<p><img loading=\"lazy\" decoding=\"async\" class=\"aligncenter size-full wp-image-232\" src=\"http:\/\/www.pacientesatm.com\/wp-content\/uploads\/2014\/05\/img_dolor.png\" alt=\"img_dolor\" width=\"512\" height=\"384\" srcset=\"https:\/\/www.pacientesatm.com\/wp-content\/uploads\/2014\/05\/img_dolor.png 512w, https:\/\/www.pacientesatm.com\/wp-content\/uploads\/2014\/05\/img_dolor-300x225.png 300w, https:\/\/www.pacientesatm.com\/wp-content\/uploads\/2014\/05\/img_dolor-100x75.png 100w, https:\/\/www.pacientesatm.com\/wp-content\/uploads\/2014\/05\/img_dolor-150x112.png 150w, https:\/\/www.pacientesatm.com\/wp-content\/uploads\/2014\/05\/img_dolor-200x150.png 200w, https:\/\/www.pacientesatm.com\/wp-content\/uploads\/2014\/05\/img_dolor-450x337.png 450w\" sizes=\"auto, (max-width: 512px) 100vw, 512px\" \/><\/p>\n<p><strong>\u201cLa gente con dolor orofacial cr\u00f3nico tiene mucha m\u00e1s propensi\u00f3n a desarrollar patolog\u00edas colaterales y su grado de sufrimiento es mayor que los pacientes que presentan dolores cr\u00f3nicos de espalda o de cabeza\u201d<\/strong>afirma Rosemary Frei, l\u00edder en investigaci\u00f3n del dolor, que basa sus declaraciones en este estudio, presentado en el Congreso Internacional del Dolor en Mil\u00e1n, Italia, en agosto de 2012.<\/p>\n<p>El estudio ha sido elaborado con las respuestas a encuestas del dolor tomando como referencia la Escalade Valoraci\u00f3n del Dolor proporcionada por la revista Journal of General Internal Medicine -conocida como GCPS por sus siglas en ingl\u00e9s.<\/p>\n<p>La base de la investigaci\u00f3n ha sido una comparativa entre pacientes con Disfunci\u00f3n de la Articulaci\u00f3n Temporomandibular y pacientes con dolores cr\u00f3nicos de espalda o de cabeza. El estudio fue llevado a cabo en los departamentos de cirug\u00eda oral y medicina oral y dolor facial. Para ello, se proporcionaron a los 262 pacientes cuestionario psicosociales y relativos al dolor.<\/p>\n<p>Seg\u00fan explican los expertos, los resultados obtenidos de este estudio son alarmantes, pues los pacientes con dolor orofacial mostraban, bas\u00e1ndose en la GCPS, un \u00edndice m\u00e1s alto de dolor (siendo IV el grado m\u00e1s elevado, que puede traducirse en una incapacidad para llevar a cabo una vida normal): un 49,3% de los pacientes se ce\u00f1\u00edan a los grados III y IV, frente al 36,4% de pacientes con dolor de espalda y al 30% de los pacientes con dolor de cabeza que dec\u00edan padecer el mismo grado de dolor.<\/p>\n<p>La muestra, formada por 262 pacientes que rellenaron cuestionarios relacionados con el dolor y cuestionarios psicosociales estaba compuesta por 105 pacientes que presentaban disfunci\u00f3n temporomandibular. 84 de ellos presentaban dolor facial idiop\u00e1tico persistente, 63 de ellos con dolor neurop\u00e1tico y 10 de ellos dolor dental. De la muestra total, los pacientes ten\u00eda una media de edad de 50 a\u00f1os y una duraci\u00f3n media del dolor de 51 meses hab\u00eda una mayor presencia del g\u00e9nero femenino (siendo 3 mujeres por cada var\u00f3n).<\/p>\n<h2>Estudio Cient\u00edfico<\/h2>\n<p>Los investigadores encontraron que los pacientes con Disfunci\u00f3n de la Articulaci\u00f3n Temporomandibular ten\u00edan las proporciones m\u00e1s altas en los grados I y II en la escala GCPS para medir el dolor -un 30% y un 32% respectivamente-, mientras que aquellos con Dolor Facial Idiop\u00e1tico persistente respond\u00edan un 23% para el grado III y 33% para el grado IV de esta misma escala.<\/p>\n<p>En total, 50 de los pacientes (19,1%) presentaba un grado III de dolor en la escala GCPS, y 79 (30,2%) ten\u00edan un grado IV de dolor. Es decir, 129 de 262 sufr\u00edan grado III o IV de dolor, lo que equivale a un 49, 3% de pacientes del conjunto de la muestra.<\/p>\n<p>Los investigadores compararon estos resultados con aquellos del dolor de cabeza cr\u00f3nico y el dolor de espalda cr\u00f3nico bas\u00e1ndose en la misma Escala de Valoraci\u00f3n del Dolor y el resultado fue el siguiente: de 1.624 pacientes con dolor de espalda un 36, 4% respond\u00eda a los grados III y IV. De los pacientes con dolor cr\u00f3nico de cabeza, estas cifras se reduc\u00edan al 30%. Asi pues, ambas cifras significativamente m\u00e1s bajas que el 49,3% proporcionado por el las encuestas a los pacientes con dolor orofacial.<\/p>\n<p>Adem\u00e1s, tanto Mokhtari como Leeson, destacan las consecuencias econ\u00f3micas que tiene este dolor inhabilitante para los pacientes con dolor<\/p>\n<p>cr\u00f3nico orofacial, y el impacto que tiene \u00e9ste en las vidas de los pacientes, y que afecta al desarrollo normal de sus vidas y su capacidad laboral, provocando as\u00ed una grave minusval\u00eda. Por otra parte, inciden en la labor de estudios como el de Eastman como argumentos s\u00f3lidos para continuar trabajando en la investigaci\u00f3n sobre estas enfermedades y la mejora del tratamiento a estos pacientes.<\/p>\n<p>Puede leer el art\u00edculo original en el portal de Noticias de Salud y Ciencia Drbicuspid:<\/p>\n<p>Pinchar este link. <a href=\"www.drbicuspid.com\" target=\"_blank\">www.drbicuspid.com<\/a><\/p>\n<h2>Fuentes:<\/h2>\n<p>[1]Amin Mokhatari es estudiante del Master de Ciencia del University College de Londres y Rachel Leeson, supervisora de la investigaci\u00f3n y Doctora especializada en Cirug\u00eda Oral<\/p>\n<p>[1](Journal of General Internal Medicine, May 1998, Vol. 13:5, pp. 296-302.<\/p>\n<p>Informaci\u00f3n sobre la GCPS: <a href=\"dspace.stir.ac.uk\" target=\"_blank\">dspace.stir.ac.uk<\/a><\/p>\n<p>Voluntarios del Departamento de Prensa Sanitaria de AEPA ATM.<\/p>\n","protected":false},"excerpt":{"rendered":"<p>Una investigaci\u00f3n llevada a cabo por Amin Mokhtari y Rachel Leeson en el Hospital Dental de Eastman, Londres, en la que han colaborado 262 pacientes prueba que el dolor orofacial cr\u00f3nico es uno de los peores que pueda soportar el<span class=\"ellipsis\">&hellip;<\/span><\/p>\n<div class=\"read-more\"><a href=\"https:\/\/www.pacientesatm.com\/?p=231\">Leer m\u00e1s \u203a<\/a><\/div>\n<p><!-- end of .read-more --><\/p>\n","protected":false},"author":3,"featured_media":232,"comment_status":"closed","ping_status":"closed","sticky":false,"template":"","format":"standard","meta":{"footnotes":""},"categories":[4,3],"tags":[],"class_list":["post-231","post","type-post","status-publish","format-standard","has-post-thumbnail","hentry","category-noticas-de-portada","category-noticias"],"yoast_head":"<!-- This site is optimized with the Yoast SEO plugin v21.1 - https:\/\/yoast.com\/wordpress\/plugins\/seo\/ -->\n<title>El dolor orofacial es peor que el dolor de cabeza y espalda - Asociaci\u00f3n Espa\u00f1ola de Pacientes con Dolor Neurop\u00e1tico<\/title>\n<meta name=\"description\" content=\"Asociaci\u00f3n de Pacientes que sufren Dolor. Nuestro equipo de m\u00e9dicos y sanitarios intentamos ayudar a todos los pacientes que sufren dolor\" \/>\n<meta name=\"robots\" content=\"index, follow, max-snippet:-1, max-image-preview:large, max-video-preview:-1\" \/>\n<link rel=\"canonical\" href=\"https:\/\/www.pacientesatm.com\/?p=231\" \/>\n<meta property=\"og:locale\" content=\"es_ES\" \/>\n<meta property=\"og:type\" content=\"article\" \/>\n<meta property=\"og:title\" content=\"El dolor orofacial es peor que el dolor de cabeza y espalda - Asociaci\u00f3n Espa\u00f1ola de Pacientes con Dolor Neurop\u00e1tico\" \/>\n<meta property=\"og:description\" content=\"Asociaci\u00f3n de Pacientes que sufren Dolor. Nuestro equipo de m\u00e9dicos y sanitarios intentamos ayudar a todos los pacientes que sufren dolor\" \/>\n<meta property=\"og:url\" content=\"https:\/\/www.pacientesatm.com\/?p=231\" \/>\n<meta property=\"og:site_name\" content=\"Asociaci\u00f3n Espa\u00f1ola de Pacientes con Dolor Neurop\u00e1tico\" \/>\n<meta property=\"article:publisher\" content=\"https:\/\/www.facebook.com\/dolorneuropatico\" \/>\n<meta property=\"article:published_time\" content=\"2014-05-31T21:04:50+00:00\" \/>\n<meta property=\"article:modified_time\" content=\"2015-11-07T14:02:16+00:00\" \/>\n<meta property=\"og:image\" content=\"https:\/\/www.pacientesatm.com\/wp-content\/uploads\/2014\/05\/img_dolor.png\" \/>\n\t<meta property=\"og:image:width\" content=\"512\" \/>\n\t<meta property=\"og:image:height\" content=\"384\" \/>\n\t<meta property=\"og:image:type\" content=\"image\/png\" \/>\n<meta name=\"author\" content=\"Ignacio del Rio\" \/>\n<meta name=\"twitter:card\" content=\"summary_large_image\" \/>\n<meta name=\"twitter:creator\" content=\"@AlianzaDolor\" \/>\n<meta name=\"twitter:site\" content=\"@AlianzaDolor\" \/>\n<meta name=\"twitter:label1\" content=\"Escrito por\" \/>\n\t<meta name=\"twitter:data1\" content=\"Ignacio del Rio\" \/>\n\t<meta name=\"twitter:label2\" content=\"Tiempo de lectura\" \/>\n\t<meta name=\"twitter:data2\" content=\"4 minutos\" \/>\n<script type=\"application\/ld+json\" class=\"yoast-schema-graph\">{\"@context\":\"https:\/\/schema.org\",\"@graph\":[{\"@type\":\"NewsArticle\",\"@id\":\"https:\/\/www.pacientesatm.com\/?p=231#article\",\"isPartOf\":{\"@id\":\"https:\/\/www.pacientesatm.com\/?p=231\"},\"author\":{\"name\":\"Ignacio del Rio\",\"@id\":\"https:\/\/www.pacientesatm.com\/#\/schema\/person\/b2abb3172d8c79abb77ae65f95c64582\"},\"headline\":\"El dolor orofacial es peor que el dolor de cabeza y espalda\",\"datePublished\":\"2014-05-31T21:04:50+00:00\",\"dateModified\":\"2015-11-07T14:02:16+00:00\",\"mainEntityOfPage\":{\"@id\":\"https:\/\/www.pacientesatm.com\/?p=231\"},\"wordCount\":796,\"publisher\":{\"@id\":\"https:\/\/www.pacientesatm.com\/#organization\"},\"articleSection\":[\"Noticas de Portada\",\"Noticias\"],\"inLanguage\":\"es\"},{\"@type\":[\"WebPage\",\"MedicalWebPage\"],\"@id\":\"https:\/\/www.pacientesatm.com\/?p=231\",\"url\":\"https:\/\/www.pacientesatm.com\/?p=231\",\"name\":\"El dolor orofacial es peor que el dolor de cabeza y espalda - Asociaci\u00f3n Espa\u00f1ola de Pacientes con Dolor Neurop\u00e1tico\",\"isPartOf\":{\"@id\":\"https:\/\/www.pacientesatm.com\/#website\"},\"datePublished\":\"2014-05-31T21:04:50+00:00\",\"dateModified\":\"2015-11-07T14:02:16+00:00\",\"description\":\"Asociaci\u00f3n de Pacientes que sufren Dolor. Nuestro equipo de m\u00e9dicos y sanitarios intentamos ayudar a todos los pacientes que sufren dolor\",\"breadcrumb\":{\"@id\":\"https:\/\/www.pacientesatm.com\/?p=231#breadcrumb\"},\"inLanguage\":\"es\",\"potentialAction\":[{\"@type\":\"ReadAction\",\"target\":[\"https:\/\/www.pacientesatm.com\/?p=231\"]}]},{\"@type\":\"BreadcrumbList\",\"@id\":\"https:\/\/www.pacientesatm.com\/?p=231#breadcrumb\",\"itemListElement\":[{\"@type\":\"ListItem\",\"position\":1,\"name\":\"Portada\",\"item\":\"https:\/\/www.pacientesatm.com\/\"},{\"@type\":\"ListItem\",\"position\":2,\"name\":\"El dolor orofacial es peor que el dolor de cabeza y espalda\"}]},{\"@type\":\"WebSite\",\"@id\":\"https:\/\/www.pacientesatm.com\/#website\",\"url\":\"https:\/\/www.pacientesatm.com\/\",\"name\":\"Asociaci\u00f3n Espa\u00f1ola de Pacientes con Dolor Trig\u00e9mino\",\"description\":\"Asociaci\u00f3n Espa\u00f1ola de Pacientes con Dolor Neuropatico, Dolor Cronico y Neuralgia del Trig\u00e9mino\",\"publisher\":{\"@id\":\"https:\/\/www.pacientesatm.com\/#organization\"},\"alternateName\":\"Alianza Contra el Dolor\",\"potentialAction\":[{\"@type\":\"SearchAction\",\"target\":{\"@type\":\"EntryPoint\",\"urlTemplate\":\"https:\/\/www.pacientesatm.com\/?s={search_term_string}\"},\"query-input\":\"required name=search_term_string\"}],\"inLanguage\":\"es\"},{\"@type\":\"Organization\",\"@id\":\"https:\/\/www.pacientesatm.com\/#organization\",\"name\":\"Alianza Contra el Dolor\",\"alternateName\":\"Alianza Contra el Dolor\",\"url\":\"https:\/\/www.pacientesatm.com\/\",\"logo\":{\"@type\":\"ImageObject\",\"inLanguage\":\"es\",\"@id\":\"https:\/\/www.pacientesatm.com\/#\/schema\/logo\/image\/\",\"url\":\"https:\/\/www.pacientesatm.com\/wp-content\/uploads\/2022\/10\/Logo_alianzadolor2022_fondotransparente.png\",\"contentUrl\":\"https:\/\/www.pacientesatm.com\/wp-content\/uploads\/2022\/10\/Logo_alianzadolor2022_fondotransparente.png\",\"width\":709,\"height\":709,\"caption\":\"Alianza Contra el Dolor\"},\"image\":{\"@id\":\"https:\/\/www.pacientesatm.com\/#\/schema\/logo\/image\/\"},\"sameAs\":[\"https:\/\/www.facebook.com\/dolorneuropatico\",\"https:\/\/twitter.com\/AlianzaDolor\",\"https:\/\/www.instagram.com\/alianzacontraeldolor\",\"https:\/\/www.youtube.com\/Alianzacontraeldolor\",\"https:\/\/www.linkedin.com\/company\/alianza-contra-el-dolor\/\"]},{\"@type\":\"Person\",\"@id\":\"https:\/\/www.pacientesatm.com\/#\/schema\/person\/b2abb3172d8c79abb77ae65f95c64582\",\"name\":\"Ignacio del Rio\",\"image\":{\"@type\":\"ImageObject\",\"inLanguage\":\"es\",\"@id\":\"https:\/\/www.pacientesatm.com\/#\/schema\/person\/image\/\",\"url\":\"https:\/\/secure.gravatar.com\/avatar\/63d1fa88871c7590b4875c08cc5a5de2663b014c4e5bda3333bb9fb69bb27b0a?s=96&d=mm&r=g\",\"contentUrl\":\"https:\/\/secure.gravatar.com\/avatar\/63d1fa88871c7590b4875c08cc5a5de2663b014c4e5bda3333bb9fb69bb27b0a?s=96&d=mm&r=g\",\"caption\":\"Ignacio del Rio\"},\"url\":\"https:\/\/www.pacientesatm.com\/?author=3\"}]}<\/script>\n<!-- \/ Yoast SEO plugin. -->","yoast_head_json":{"title":"El dolor orofacial es peor que el dolor de cabeza y espalda - Asociaci\u00f3n Espa\u00f1ola de Pacientes con Dolor Neurop\u00e1tico","description":"Asociaci\u00f3n de Pacientes que sufren Dolor. Nuestro equipo de m\u00e9dicos y sanitarios intentamos ayudar a todos los pacientes que sufren dolor","robots":{"index":"index","follow":"follow","max-snippet":"max-snippet:-1","max-image-preview":"max-image-preview:large","max-video-preview":"max-video-preview:-1"},"canonical":"https:\/\/www.pacientesatm.com\/?p=231","og_locale":"es_ES","og_type":"article","og_title":"El dolor orofacial es peor que el dolor de cabeza y espalda - Asociaci\u00f3n Espa\u00f1ola de Pacientes con Dolor Neurop\u00e1tico","og_description":"Asociaci\u00f3n de Pacientes que sufren Dolor. Nuestro equipo de m\u00e9dicos y sanitarios intentamos ayudar a todos los pacientes que sufren dolor","og_url":"https:\/\/www.pacientesatm.com\/?p=231","og_site_name":"Asociaci\u00f3n Espa\u00f1ola de Pacientes con Dolor Neurop\u00e1tico","article_publisher":"https:\/\/www.facebook.com\/dolorneuropatico","article_published_time":"2014-05-31T21:04:50+00:00","article_modified_time":"2015-11-07T14:02:16+00:00","og_image":[{"width":512,"height":384,"url":"https:\/\/www.pacientesatm.com\/wp-content\/uploads\/2014\/05\/img_dolor.png","type":"image\/png"}],"author":"Ignacio del Rio","twitter_card":"summary_large_image","twitter_creator":"@AlianzaDolor","twitter_site":"@AlianzaDolor","twitter_misc":{"Escrito por":"Ignacio del Rio","Tiempo de lectura":"4 minutos"},"schema":{"@context":"https:\/\/schema.org","@graph":[{"@type":"NewsArticle","@id":"https:\/\/www.pacientesatm.com\/?p=231#article","isPartOf":{"@id":"https:\/\/www.pacientesatm.com\/?p=231"},"author":{"name":"Ignacio del Rio","@id":"https:\/\/www.pacientesatm.com\/#\/schema\/person\/b2abb3172d8c79abb77ae65f95c64582"},"headline":"El dolor orofacial es peor que el dolor de cabeza y espalda","datePublished":"2014-05-31T21:04:50+00:00","dateModified":"2015-11-07T14:02:16+00:00","mainEntityOfPage":{"@id":"https:\/\/www.pacientesatm.com\/?p=231"},"wordCount":796,"publisher":{"@id":"https:\/\/www.pacientesatm.com\/#organization"},"articleSection":["Noticas de Portada","Noticias"],"inLanguage":"es"},{"@type":["WebPage","MedicalWebPage"],"@id":"https:\/\/www.pacientesatm.com\/?p=231","url":"https:\/\/www.pacientesatm.com\/?p=231","name":"El dolor orofacial es peor que el dolor de cabeza y espalda - Asociaci\u00f3n Espa\u00f1ola de Pacientes con Dolor Neurop\u00e1tico","isPartOf":{"@id":"https:\/\/www.pacientesatm.com\/#website"},"datePublished":"2014-05-31T21:04:50+00:00","dateModified":"2015-11-07T14:02:16+00:00","description":"Asociaci\u00f3n de Pacientes que sufren Dolor. Nuestro equipo de m\u00e9dicos y sanitarios intentamos ayudar a todos los pacientes que sufren dolor","breadcrumb":{"@id":"https:\/\/www.pacientesatm.com\/?p=231#breadcrumb"},"inLanguage":"es","potentialAction":[{"@type":"ReadAction","target":["https:\/\/www.pacientesatm.com\/?p=231"]}]},{"@type":"BreadcrumbList","@id":"https:\/\/www.pacientesatm.com\/?p=231#breadcrumb","itemListElement":[{"@type":"ListItem","position":1,"name":"Portada","item":"https:\/\/www.pacientesatm.com\/"},{"@type":"ListItem","position":2,"name":"El dolor orofacial es peor que el dolor de cabeza y espalda"}]},{"@type":"WebSite","@id":"https:\/\/www.pacientesatm.com\/#website","url":"https:\/\/www.pacientesatm.com\/","name":"Asociaci\u00f3n Espa\u00f1ola de Pacientes con Dolor Trig\u00e9mino","description":"Asociaci\u00f3n Espa\u00f1ola de Pacientes con Dolor Neuropatico, Dolor Cronico y Neuralgia del Trig\u00e9mino","publisher":{"@id":"https:\/\/www.pacientesatm.com\/#organization"},"alternateName":"Alianza Contra el Dolor","potentialAction":[{"@type":"SearchAction","target":{"@type":"EntryPoint","urlTemplate":"https:\/\/www.pacientesatm.com\/?s={search_term_string}"},"query-input":"required name=search_term_string"}],"inLanguage":"es"},{"@type":"Organization","@id":"https:\/\/www.pacientesatm.com\/#organization","name":"Alianza Contra el Dolor","alternateName":"Alianza Contra el Dolor","url":"https:\/\/www.pacientesatm.com\/","logo":{"@type":"ImageObject","inLanguage":"es","@id":"https:\/\/www.pacientesatm.com\/#\/schema\/logo\/image\/","url":"https:\/\/www.pacientesatm.com\/wp-content\/uploads\/2022\/10\/Logo_alianzadolor2022_fondotransparente.png","contentUrl":"https:\/\/www.pacientesatm.com\/wp-content\/uploads\/2022\/10\/Logo_alianzadolor2022_fondotransparente.png","width":709,"height":709,"caption":"Alianza Contra el Dolor"},"image":{"@id":"https:\/\/www.pacientesatm.com\/#\/schema\/logo\/image\/"},"sameAs":["https:\/\/www.facebook.com\/dolorneuropatico","https:\/\/twitter.com\/AlianzaDolor","https:\/\/www.instagram.com\/alianzacontraeldolor","https:\/\/www.youtube.com\/Alianzacontraeldolor","https:\/\/www.linkedin.com\/company\/alianza-contra-el-dolor\/"]},{"@type":"Person","@id":"https:\/\/www.pacientesatm.com\/#\/schema\/person\/b2abb3172d8c79abb77ae65f95c64582","name":"Ignacio del Rio","image":{"@type":"ImageObject","inLanguage":"es","@id":"https:\/\/www.pacientesatm.com\/#\/schema\/person\/image\/","url":"https:\/\/secure.gravatar.com\/avatar\/63d1fa88871c7590b4875c08cc5a5de2663b014c4e5bda3333bb9fb69bb27b0a?s=96&d=mm&r=g","contentUrl":"https:\/\/secure.gravatar.com\/avatar\/63d1fa88871c7590b4875c08cc5a5de2663b014c4e5bda3333bb9fb69bb27b0a?s=96&d=mm&r=g","caption":"Ignacio del Rio"},"url":"https:\/\/www.pacientesatm.com\/?author=3"}]}},"_links":{"self":[{"href":"https:\/\/www.pacientesatm.com\/index.php?rest_route=\/wp\/v2\/posts\/231","targetHints":{"allow":["GET"]}}],"collection":[{"href":"https:\/\/www.pacientesatm.com\/index.php?rest_route=\/wp\/v2\/posts"}],"about":[{"href":"https:\/\/www.pacientesatm.com\/index.php?rest_route=\/wp\/v2\/types\/post"}],"author":[{"embeddable":true,"href":"https:\/\/www.pacientesatm.com\/index.php?rest_route=\/wp\/v2\/users\/3"}],"replies":[{"embeddable":true,"href":"https:\/\/www.pacientesatm.com\/index.php?rest_route=%2Fwp%2Fv2%2Fcomments&post=231"}],"version-history":[{"count":1,"href":"https:\/\/www.pacientesatm.com\/index.php?rest_route=\/wp\/v2\/posts\/231\/revisions"}],"predecessor-version":[{"id":233,"href":"https:\/\/www.pacientesatm.com\/index.php?rest_route=\/wp\/v2\/posts\/231\/revisions\/233"}],"wp:featuredmedia":[{"embeddable":true,"href":"https:\/\/www.pacientesatm.com\/index.php?rest_route=\/wp\/v2\/media\/232"}],"wp:attachment":[{"href":"https:\/\/www.pacientesatm.com\/index.php?rest_route=%2Fwp%2Fv2%2Fmedia&parent=231"}],"wp:term":[{"taxonomy":"category","embeddable":true,"href":"https:\/\/www.pacientesatm.com\/index.php?rest_route=%2Fwp%2Fv2%2Fcategories&post=231"},{"taxonomy":"post_tag","embeddable":true,"href":"https:\/\/www.pacientesatm.com\/index.php?rest_route=%2Fwp%2Fv2%2Ftags&post=231"}],"curies":[{"name":"wp","href":"https:\/\/api.w.org\/{rel}","templated":true}]}}