{"id":251,"date":"2014-05-31T21:39:50","date_gmt":"2014-05-31T21:39:50","guid":{"rendered":"http:\/\/www.pacientesatm.com\/?p=251"},"modified":"2015-11-07T14:00:25","modified_gmt":"2015-11-07T14:00:25","slug":"en-la-sanidad-espanola-diferentes-peliculas-con-los-mismos-actores","status":"publish","type":"post","link":"https:\/\/www.pacientesatm.com\/?p=251","title":{"rendered":"En la Sanidad espa\u00f1ola: diferentes pel\u00edculas con los mismos actores"},"content":{"rendered":"<p>Algunos de los periodistas sanitarios de la Asociaci\u00f3n Espa\u00f1ola de Pacientes con Dolor Neurop\u00e1tico AEPA ATM, estuvieron presentes en el debate sanitario celebrado el pasado 21 de febrero de 2013, organizado por ANIS, al que acudieron como ponentes: Juan Jos\u00e9 Rodr\u00edguez Send\u00edn, Presidente de la Organizaci\u00f3n M\u00e9dica Colegial, M\u00e1ximo Gonz\u00e1lez Jurado, Presidente del Consejo General de Enfermer\u00eda, Antonio Torralba, Portavoz del Foro Espa\u00f1ol de Pacientes, Manuel Cervera, Portavoz de Sanidad del Grupo Parlamentario Popular y Jos\u00e9 Mart\u00ednez Olmos, Portavoz de Sanidad del Grupo Parlamentario Socialista.<\/p>\n<p><img loading=\"lazy\" decoding=\"async\" class=\"aligncenter size-full wp-image-252\" src=\"http:\/\/www.pacientesatm.com\/wp-content\/uploads\/2014\/05\/1.png\" alt=\"1\" width=\"474\" height=\"256\" srcset=\"https:\/\/www.pacientesatm.com\/wp-content\/uploads\/2014\/05\/1.png 474w, https:\/\/www.pacientesatm.com\/wp-content\/uploads\/2014\/05\/1-300x162.png 300w, https:\/\/www.pacientesatm.com\/wp-content\/uploads\/2014\/05\/1-100x54.png 100w, https:\/\/www.pacientesatm.com\/wp-content\/uploads\/2014\/05\/1-150x81.png 150w, https:\/\/www.pacientesatm.com\/wp-content\/uploads\/2014\/05\/1-200x108.png 200w, https:\/\/www.pacientesatm.com\/wp-content\/uploads\/2014\/05\/1-450x243.png 450w\" sizes=\"auto, (max-width: 474px) 100vw, 474px\" \/><\/p>\n<p><em>Pie de foto: Un debate muy \u201cplural\u201d: De izquierda a derecha: Antonio Torralba, Portavoz del Foro Espa\u00f1ol de Pacientes, M\u00e1ximo Gonz\u00e1lez Jurado, Presidente del Consejo General de Enfermer\u00eda, Manuel Cervera, Portavoz de Sanidad del Grupo Parlamentario Popular, Alipio Guti\u00e9rrez, Presidente de ANIS, Jos\u00e9 Mart\u00ednez Olmos, Portavoz de Sanidad del Grupo Parlamentario Socialista, y Juan Jos\u00e9 Rodriguez Send\u00edn, Presidente de la Organizaci\u00f3n M\u00e9dica Colegial.<\/em><\/p>\n<p>En resumen, cabe destacar que acudimos fundamentalmente para escuchar a los dos Presidentes que representan actualmente a los Colegios Profesionales con m\u00e1s de treinta a\u00f1os de experiencia en pol\u00edtica Sanitaria.<\/p>\n<p>Ante todo mostrar nuestro m\u00e1s profundo respeto hacia los dos representantes de ambos colegios profesionales y resaltar c\u00f3mo profundizaron en algunos puntos del Real Decreto de abril de 2012, con sus implicaciones actuales en la sanidad espa\u00f1ola. Valoramos especialmente su experiencia y profesionalidad demostrada.<\/p>\n<p>En este encuentro, los expertos se\u00f1alaron que nuestro Sistema de Salud tiene unos l\u00edmites y que todo es finito en este mundo. Mientras Jos\u00e9 Mart\u00ednez Olmos, el representante del PSOE, parec\u00edadefender el libre acceso a nuestro Sistema de Salud para todo el mundo o metaf\u00f3ricamente<strong>\u201ccaf\u00e9 para todos, en el \u00e1mbito de la salud\u201d<\/strong>. El portavoz del PP, Manuel Cervera, argument\u00f3 que esta situaci\u00f3n de libre acceso a la Sanidad para todos no pod\u00eda seguir as\u00ed, porque los recursos de nuestro pa\u00eds \u2013al igual que ocurre con otros pa\u00edses europeos- son limitados. <strong>\u201cEl PP se ha visto obligado a tomar medidas legales por Decreto Ley. Hemos heredado un pa\u00eds totalmente endeudado en todas las partidas sanitarias y en todas las Comunidades Aut\u00f3nomas\u201d<\/strong>, explic\u00f3 Cervera.<\/p>\n<p>En paralelo, nos pareci\u00f3 magistral la frase de M\u00e1ximo Gonz\u00e1lez Jurado al decir que no le gusta juzgar lo que no conoce o se vive en primera persona.<\/p>\n<p>Respecto a estas opiniones de ambas fuerzas pol\u00edticas, ambas respetables, nos gustar\u00eda contar dos hechos que los representantes de nuestra Asociaci\u00f3n han vivido recientemente en primera persona por si pudieran ayudar a alguien a tener una opini\u00f3n m\u00e1s real de lo que est\u00e1 ocurriendo en nuestro Servicio de Sanidad P\u00fablica.<\/p>\n<h2>Hechos<\/h2>\n<p>El pasado 1 de noviembre de 2012, en el madrile\u00f1o Hospital Gregorio Mara\u00f1\u00f3n a las 3 de la ma\u00f1ana, se encontraban dos representantes de nuestra entidad y comprobaron absortos como un paciente joven \u00e1rabe acud\u00eda al Servicio de Urgencias de este Hospital con un papel de recomendaci\u00f3n de que fuera visto por este Servicio. De manera inmediata, la recepcionista le pidi\u00f3 la tarjeta sanitaria o alg\u00fan tipo de documentaci\u00f3n a esta persona. A continuaci\u00f3n, este hombre dio un pu\u00f1etazo en la mesa de la entrada y dijo: <strong>\u201cNo tengo ning\u00fan papel, ni pasaporte, ni nada. Si me quieren ver, estupendo, si no me voy a mi casa\u201d<\/strong>. Tras esa frase, los enfermeros le colocaron una mascarilla a este Se\u00f1or indocumentado y pas\u00f3 a urgencias sin ning\u00fan problema. Pudimos ver c\u00f3mo le atend\u00edan correctamente a pesar de ser la madrugada de un d\u00eda que fue cr\u00edtico en Madrid con aquella fiesta de Halloween y sin parar de entrar j\u00f3venes madrile\u00f1os con lesiones.<\/p>\n<p>Este hecho ocurri\u00f3 recientemente y, como dice el Sr M\u00e1ximo Gonz\u00e1lez Jurado, podemos hablar de \u00e9l, porque est\u00e1bamos sentados en la sala de urgencias observando todo en primera persona.<\/p>\n<p>Tambi\u00e9n -de primera mano- podemos contar como en ning\u00fan momento contamos con la ayuda de ning\u00fan partido pol\u00edtico para ayudar a una ni\u00f1a que sufr\u00eda una enfermedad rara en Albacete, precisamente en el a\u00f1o 2010, cuando ejerc\u00eda el Gobierno del PSOE en Castilla La Mancha.<\/p>\n<p>Para poder diagnosticar su patolog\u00eda, los especialistas de nuestro sistema p\u00fablico, le recomendaron a la familia de esta ni\u00f1a realizar m\u00faltiples pruebas gen\u00e9ticas relacionadas con la espasticidad que presentaba su enfermedad. Finalmente, estas pruebas tuvieron que ser pagadas por el Doctor Agust\u00edn Legido, porque ni la Comunidad de Madrid, ni la de Castilla la Mancha se hac\u00edan cargo de las \u00f3rdenes de prescripci\u00f3n aconsejadas por la Unidad de Gen\u00e9tica para facilitar el correcto diagn\u00f3stico de esta peque\u00f1a. Y, esto tambi\u00e9n lo podemos contar de primera mano, porque tres representantes de nuestra Asociaci\u00f3n de Pacientes y la familia de esta ni\u00f1a estuvimos jugando al tenis con una Comunidad gobernada por el PSOE y con la otra gobernada por el PP en Madrid.<\/p>\n<h2>Nos quedamos con estos hechos y que cada uno piense lo que quiera.<\/h2>\n<p>Dentro de lo malo preferimos la apuesta de los pol\u00edticos de<strong> \u201chacer caf\u00e9 a escondidas\u201d<\/strong> y, -que pese al Decreto Ley-, el pasado 1 de noviembre de 2012, pudimos comprobar como se atend\u00eda con muy buenas formas a este joven \u00e1rabe e indocumentado, que la otra opci\u00f3n de hacer campa\u00f1a con un modelo de \u201ccaf\u00e9 para todos\u201d, que no es cierto.<\/p>\n<p>Asimismo, destacar el papel de Antonio Torralba en su intervenci\u00f3n en estas jornadas, qui\u00e9n dej\u00f3 claro que para tomar decisiones pol\u00edticas que afectan a los pacientes, los pol\u00edticos tendr\u00edan que tener en cuenta a las Asociaciones de Pacientes que agrupan a los afectados. <strong>\u201cSe toman decisiones por Decreto Ley, sin tener en cuenta a los agentes implicados. Ni siquiera escucharles\u201d<\/strong>, se\u00f1al\u00f3 Torralba.<\/p>\n<p>Respecto a este tema, en general, todas las Asociaciones de Pacientes est\u00e1n de acuerdo con esta afirmaci\u00f3n del Se\u00f1or Torralba, pero habr\u00eda que a\u00f1adir que a estas entidades tambi\u00e9n les encantar\u00eda ver a los Jefes de Servicio de Servicios privilegiados de cirug\u00eda de algunos de nuestros Hospitales p\u00fablicos en su puesto de trabajo en la sanidad p\u00fablica \u2013que todos pagamos-. Y, si para conseguir esto hay que externalizar la gesti\u00f3n de los Hospitales, que los externalicen. Porque son muchos los especialistas \u201ctop\u201d de la capital que cobran su sueldo en la p\u00fablica y ejercen en ese mismo horario en la sanidad privada, poniendo en su puesto p\u00fablico a sus\u201c<strong>cirujanos<\/strong>\u201d de confianza.<\/p>\n<p>As\u00ed que\u2026 algo m\u00e1s est\u00e1 fallando en nuestro Sistema de Salud y entre los Gerentes de muchos Hospitales P\u00fablicos para que el viejo sistema de salud espa\u00f1ol ya no funcione. Y, en este contexto, uno se pregunta: \u00bfQui\u00e9n elige a los Gerentes de nuestros Hospitales P\u00fablicos?Para responder a esta pregunta, preguntamos a algunos de nuestros Doctores \u2013que ejercen actualmente con exclusividad en la sanidad privada- y que colaboran con nuestro Comit\u00e9 Cient\u00edfico. Nos confirman que \u00e9stos son puestos <strong>\u201cPol\u00edticos, Estrat\u00e9gicos y de Confianza de nuestro pol\u00edticos, seg\u00fan el Gobierno presente\u201d<\/strong>, nos comentan los propios cl\u00ednicos.<\/p>\n<p>Con esta respuesta, volvemos al sector de la pol\u00edtica. Es decir, que siempre son los mismos los que nos venden el <strong>\u201cpescado\u201d<\/strong> o que nuestra sociedad est\u00e1 viendo diferentes pel\u00edculas, pero con los mismos actores.<\/p>\n<p>Y, nos surgen nuevas preguntas: <strong>\u00bfPor qu\u00e9 en Estados Unidos un jefe de Servicio, por ejemplo, de Neuropediatr\u00eda, tiene que renovar su puesto cada tres a\u00f1os compitiendo con otros candidatos cualificados y en Espa\u00f1a estos puestos son cargos vitalicios?<\/strong> Pregunta que tambi\u00e9n se hacen Doctores como, por ejemplo, el Doctor Agust\u00edn Legido, que lleva 23 a\u00f1os ejerciendo en USA.<\/p>\n<p><strong>\u00bfUstedes creen que se puede conseguir la excelencia en el servicio sanitario con estas f\u00f3rmulas laborales con puestos eternos sin evaluar hasta la jubilaci\u00f3n? \u00bfC\u00f3mo se mantiene as\u00ed la motivaci\u00f3n de los cl\u00ednicos que ocupan los puestos m\u00e1s relevantes de la Sanidad P\u00fablica Espa\u00f1ola?<\/strong><\/p>\n<p>\u00c9stas son algunas de las preguntas que hacen que las Asociaciones de Pacientes como la nuestra no estemos ni a favor, ni en contra de la externalizaci\u00f3n de servicios en nuestro Sistema de Salud, sino a favor de que alguien imponga un poquito de \u00e9tica en este sector y se sepa donde reside realmente el problema sanitario. Nuestro desastre sanitario es fruto de las decisiones de ambos partidos.<\/p>\n<h2>Por las tardes, m\u00e1quinas y recursos p\u00fablicos parados<\/h2>\n<p>En paralelo, nos encontramos con Neum\u00f3logos que ejercen en la sanidad p\u00fablica en grandes hospitales madrile\u00f1os que nos explican:<strong> \u201cNo entendemos que en Madrid, en grandes Hospitales P\u00fablicos, nuestras m\u00e1quinas y grandes recursos est\u00e9n parados, cuando pudieran estar funcionando en horario de tarde. Se necesitan m\u00e1s m\u00e9dicos y que haya dos turnos para aprovechar los recursos que est\u00e1n parados todas las tardes en la mayor\u00eda de los hospitales p\u00fablicos de Madrid. No tiene mucho sentido derivar a un hospital privado la realizaci\u00f3n de Resonancias de nuestros pacientes p\u00fablicos, teniendo nuestra m\u00e1quinas p\u00fablicas paradas\u201d<\/strong>, nos aclaran los propios facultativos.<\/p>\n<h2>Pol\u00edticos mirando para otro lado<\/h2>\n<p>Con estas afirmaciones, es l\u00f3gico que a nuestros pol\u00edticos les resulte m\u00e1s f\u00e1cil mirar para otro lado. Hacer risas entre ellos y montar una obra de teatro de <strong>\u201cJa, ja, yo me llevo fatal contigo\u2026\u201d<\/strong> Es m\u00e1s f\u00e1cil montar una funci\u00f3n que mostrar lo que cualquier m\u00e9dico ve a diario en sus hospitales en el ejercicio de su profesi\u00f3n.<\/p>\n<p>Escuchamos en este encuentro otra gran frase magistral de M\u00e1ximo Gonz\u00e1lez Jurado, qui\u00e9n coment\u00f3 que su organizaci\u00f3n siempre aconseja a todos los profesionales de la enfermer\u00eda que -pase lo que pase- y a\u00fan habiendo perdido su sector puestos de trabajo y dinero\u2026\u201dNuestra organizaci\u00f3n siempre recomienda a nuestros profesionales de la enfermer\u00eda trabajar cada vez m\u00e1s duro y, si se puede, con una sonrisa mayor hacia el paciente\u201d, se\u00f1al\u00f3 Gonz\u00e1lez Jurado.<\/p>\n<p>Esta frase nos result\u00f3 un sabio consejo que intentaremos aplicar tambi\u00e9n en nuestras Asociaciones de Pacientes y en nuestra propia profesi\u00f3n como periodistas sanitarios.<\/p>\n<p>En este ambiente, parece que los espa\u00f1oles aprendimos ya hace a\u00f1os que, al igual que ocurre con el juego infantil de construcciones Lego\u00ae, <strong>\u201cCuando las piezas de abajo se mueven las piezas de arriba se caen\u201d<\/strong>. As\u00ed que habr\u00e1 que llegar a alg\u00fan tipo de mal-acuerdo donde est\u00e9n representados los derechos de los pacientes y los profesionales sanitarios, teniendo en cuenta que arriba est\u00e1n nuestros pol\u00edticos con capacidad para dictar Decretos, seleccionar Gerentes de Hospital, parar las m\u00e1quinas p\u00fablicas por las tardes, poner a funcionar las m\u00e1quinas privadas por las tardes y, otorgar puestos vitalicios a Jefes de Servicio, que luego no se pueden sustituir.<\/p>\n<p><strong>\u00bfA qu\u00e9 estamos jugando Se\u00f1ores con la salud de los pacientes espa\u00f1oles? Todos sabemos qu\u00e9 castillos hay que desmontar. \u00bfPor qu\u00e9 no se ponen a trabajar los propios pol\u00edticos y Gerentes? \u00bfQu\u00e9 se est\u00e1 ocultando?<\/strong><\/p>\n<p>La situaci\u00f3n actual de nuestra sanidad espa\u00f1ola es fruto de la propia corrupci\u00f3n pol\u00edtica nacional durante a\u00f1os.<\/p>\n<p>Desde nuestra entidad solo le podemos dar dos sinceros consejos. El primero, procure no ponerse enfermo bajo ninguna circunstancia. Y, el segundo, en el caso de que la enfermedad le llegue -que le llegar\u00e1 porque nadie se muere de un ataque de buena salud- rece para poder pagar su Seguro de Salud Privado.<\/p>\n<p><strong>Fdo. Periodistas Sanitarios de AEPA ATM.<\/strong><\/p>\n","protected":false},"excerpt":{"rendered":"<p>Algunos de los periodistas sanitarios de la Asociaci\u00f3n Espa\u00f1ola de Pacientes con Dolor Neurop\u00e1tico AEPA ATM, estuvieron presentes en el debate sanitario celebrado el pasado 21 de febrero de 2013, organizado por ANIS, al que acudieron como ponentes: Juan Jos\u00e9<span class=\"ellipsis\">&hellip;<\/span><\/p>\n<div class=\"read-more\"><a href=\"https:\/\/www.pacientesatm.com\/?p=251\">Leer m\u00e1s \u203a<\/a><\/div>\n<p><!-- end of .read-more --><\/p>\n","protected":false},"author":3,"featured_media":252,"comment_status":"closed","ping_status":"closed","sticky":false,"template":"","format":"standard","meta":{"footnotes":""},"categories":[3],"tags":[],"class_list":["post-251","post","type-post","status-publish","format-standard","has-post-thumbnail","hentry","category-noticias"],"yoast_head":"<!-- This site is optimized with the Yoast SEO plugin v21.1 - https:\/\/yoast.com\/wordpress\/plugins\/seo\/ -->\n<title>En la Sanidad espa\u00f1ola: diferentes pel\u00edculas con los mismos actores - Asociaci\u00f3n Espa\u00f1ola de Pacientes con Dolor Neurop\u00e1tico<\/title>\n<meta name=\"description\" content=\"Asociaci\u00f3n de Pacientes que sufren Dolor. Nuestro equipo de m\u00e9dicos y sanitarios intentamos ayudar a todos los pacientes que sufren dolor\" \/>\n<meta name=\"robots\" content=\"index, follow, max-snippet:-1, max-image-preview:large, max-video-preview:-1\" \/>\n<link rel=\"canonical\" href=\"https:\/\/www.pacientesatm.com\/?p=251\" \/>\n<meta property=\"og:locale\" content=\"es_ES\" \/>\n<meta property=\"og:type\" content=\"article\" \/>\n<meta property=\"og:title\" content=\"En la Sanidad espa\u00f1ola: diferentes pel\u00edculas con los mismos actores - Asociaci\u00f3n Espa\u00f1ola de Pacientes con Dolor Neurop\u00e1tico\" \/>\n<meta property=\"og:description\" content=\"Asociaci\u00f3n de Pacientes que sufren Dolor. Nuestro equipo de m\u00e9dicos y sanitarios intentamos ayudar a todos los pacientes que sufren dolor\" \/>\n<meta property=\"og:url\" content=\"https:\/\/www.pacientesatm.com\/?p=251\" \/>\n<meta property=\"og:site_name\" content=\"Asociaci\u00f3n Espa\u00f1ola de Pacientes con Dolor Neurop\u00e1tico\" \/>\n<meta property=\"article:publisher\" content=\"https:\/\/www.facebook.com\/dolorneuropatico\" \/>\n<meta property=\"article:published_time\" content=\"2014-05-31T21:39:50+00:00\" \/>\n<meta property=\"article:modified_time\" content=\"2015-11-07T14:00:25+00:00\" \/>\n<meta property=\"og:image\" content=\"https:\/\/www.pacientesatm.com\/wp-content\/uploads\/2014\/05\/1.png\" \/>\n\t<meta property=\"og:image:width\" content=\"474\" \/>\n\t<meta property=\"og:image:height\" content=\"256\" \/>\n\t<meta property=\"og:image:type\" content=\"image\/png\" \/>\n<meta name=\"author\" content=\"Ignacio del Rio\" \/>\n<meta name=\"twitter:card\" content=\"summary_large_image\" \/>\n<meta name=\"twitter:creator\" content=\"@AlianzaDolor\" \/>\n<meta name=\"twitter:site\" content=\"@AlianzaDolor\" \/>\n<meta name=\"twitter:label1\" content=\"Escrito por\" \/>\n\t<meta name=\"twitter:data1\" content=\"Ignacio del Rio\" \/>\n\t<meta name=\"twitter:label2\" content=\"Tiempo de lectura\" \/>\n\t<meta name=\"twitter:data2\" content=\"10 minutos\" \/>\n<script type=\"application\/ld+json\" class=\"yoast-schema-graph\">{\"@context\":\"https:\/\/schema.org\",\"@graph\":[{\"@type\":\"NewsArticle\",\"@id\":\"https:\/\/www.pacientesatm.com\/?p=251#article\",\"isPartOf\":{\"@id\":\"https:\/\/www.pacientesatm.com\/?p=251\"},\"author\":{\"name\":\"Ignacio del Rio\",\"@id\":\"https:\/\/www.pacientesatm.com\/#\/schema\/person\/b2abb3172d8c79abb77ae65f95c64582\"},\"headline\":\"En la Sanidad espa\u00f1ola: diferentes pel\u00edculas con los mismos actores\",\"datePublished\":\"2014-05-31T21:39:50+00:00\",\"dateModified\":\"2015-11-07T14:00:25+00:00\",\"mainEntityOfPage\":{\"@id\":\"https:\/\/www.pacientesatm.com\/?p=251\"},\"wordCount\":2011,\"publisher\":{\"@id\":\"https:\/\/www.pacientesatm.com\/#organization\"},\"articleSection\":[\"Noticias\"],\"inLanguage\":\"es\"},{\"@type\":[\"WebPage\",\"MedicalWebPage\"],\"@id\":\"https:\/\/www.pacientesatm.com\/?p=251\",\"url\":\"https:\/\/www.pacientesatm.com\/?p=251\",\"name\":\"En la Sanidad espa\u00f1ola: diferentes pel\u00edculas con los mismos actores - Asociaci\u00f3n Espa\u00f1ola de Pacientes con Dolor Neurop\u00e1tico\",\"isPartOf\":{\"@id\":\"https:\/\/www.pacientesatm.com\/#website\"},\"datePublished\":\"2014-05-31T21:39:50+00:00\",\"dateModified\":\"2015-11-07T14:00:25+00:00\",\"description\":\"Asociaci\u00f3n de Pacientes que sufren Dolor. Nuestro equipo de m\u00e9dicos y sanitarios intentamos ayudar a todos los pacientes que sufren dolor\",\"breadcrumb\":{\"@id\":\"https:\/\/www.pacientesatm.com\/?p=251#breadcrumb\"},\"inLanguage\":\"es\",\"potentialAction\":[{\"@type\":\"ReadAction\",\"target\":[\"https:\/\/www.pacientesatm.com\/?p=251\"]}]},{\"@type\":\"BreadcrumbList\",\"@id\":\"https:\/\/www.pacientesatm.com\/?p=251#breadcrumb\",\"itemListElement\":[{\"@type\":\"ListItem\",\"position\":1,\"name\":\"Portada\",\"item\":\"https:\/\/www.pacientesatm.com\/\"},{\"@type\":\"ListItem\",\"position\":2,\"name\":\"En la Sanidad espa\u00f1ola: diferentes pel\u00edculas con los mismos actores\"}]},{\"@type\":\"WebSite\",\"@id\":\"https:\/\/www.pacientesatm.com\/#website\",\"url\":\"https:\/\/www.pacientesatm.com\/\",\"name\":\"Asociaci\u00f3n Espa\u00f1ola de Pacientes con Dolor Trig\u00e9mino\",\"description\":\"Asociaci\u00f3n Espa\u00f1ola de Pacientes con Dolor Neuropatico, Dolor Cronico y Neuralgia del Trig\u00e9mino\",\"publisher\":{\"@id\":\"https:\/\/www.pacientesatm.com\/#organization\"},\"alternateName\":\"Alianza Contra el Dolor\",\"potentialAction\":[{\"@type\":\"SearchAction\",\"target\":{\"@type\":\"EntryPoint\",\"urlTemplate\":\"https:\/\/www.pacientesatm.com\/?s={search_term_string}\"},\"query-input\":\"required name=search_term_string\"}],\"inLanguage\":\"es\"},{\"@type\":\"Organization\",\"@id\":\"https:\/\/www.pacientesatm.com\/#organization\",\"name\":\"Alianza Contra el Dolor\",\"alternateName\":\"Alianza Contra el Dolor\",\"url\":\"https:\/\/www.pacientesatm.com\/\",\"logo\":{\"@type\":\"ImageObject\",\"inLanguage\":\"es\",\"@id\":\"https:\/\/www.pacientesatm.com\/#\/schema\/logo\/image\/\",\"url\":\"https:\/\/www.pacientesatm.com\/wp-content\/uploads\/2022\/10\/Logo_alianzadolor2022_fondotransparente.png\",\"contentUrl\":\"https:\/\/www.pacientesatm.com\/wp-content\/uploads\/2022\/10\/Logo_alianzadolor2022_fondotransparente.png\",\"width\":709,\"height\":709,\"caption\":\"Alianza Contra el Dolor\"},\"image\":{\"@id\":\"https:\/\/www.pacientesatm.com\/#\/schema\/logo\/image\/\"},\"sameAs\":[\"https:\/\/www.facebook.com\/dolorneuropatico\",\"https:\/\/twitter.com\/AlianzaDolor\",\"https:\/\/www.instagram.com\/alianzacontraeldolor\",\"https:\/\/www.youtube.com\/Alianzacontraeldolor\",\"https:\/\/www.linkedin.com\/company\/alianza-contra-el-dolor\/\"]},{\"@type\":\"Person\",\"@id\":\"https:\/\/www.pacientesatm.com\/#\/schema\/person\/b2abb3172d8c79abb77ae65f95c64582\",\"name\":\"Ignacio del Rio\",\"image\":{\"@type\":\"ImageObject\",\"inLanguage\":\"es\",\"@id\":\"https:\/\/www.pacientesatm.com\/#\/schema\/person\/image\/\",\"url\":\"https:\/\/secure.gravatar.com\/avatar\/63d1fa88871c7590b4875c08cc5a5de2663b014c4e5bda3333bb9fb69bb27b0a?s=96&d=mm&r=g\",\"contentUrl\":\"https:\/\/secure.gravatar.com\/avatar\/63d1fa88871c7590b4875c08cc5a5de2663b014c4e5bda3333bb9fb69bb27b0a?s=96&d=mm&r=g\",\"caption\":\"Ignacio del Rio\"},\"url\":\"https:\/\/www.pacientesatm.com\/?author=3\"}]}<\/script>\n<!-- \/ Yoast SEO plugin. -->","yoast_head_json":{"title":"En la Sanidad espa\u00f1ola: diferentes pel\u00edculas con los mismos actores - Asociaci\u00f3n Espa\u00f1ola de Pacientes con Dolor Neurop\u00e1tico","description":"Asociaci\u00f3n de Pacientes que sufren Dolor. Nuestro equipo de m\u00e9dicos y sanitarios intentamos ayudar a todos los pacientes que sufren dolor","robots":{"index":"index","follow":"follow","max-snippet":"max-snippet:-1","max-image-preview":"max-image-preview:large","max-video-preview":"max-video-preview:-1"},"canonical":"https:\/\/www.pacientesatm.com\/?p=251","og_locale":"es_ES","og_type":"article","og_title":"En la Sanidad espa\u00f1ola: diferentes pel\u00edculas con los mismos actores - Asociaci\u00f3n Espa\u00f1ola de Pacientes con Dolor Neurop\u00e1tico","og_description":"Asociaci\u00f3n de Pacientes que sufren Dolor. Nuestro equipo de m\u00e9dicos y sanitarios intentamos ayudar a todos los pacientes que sufren dolor","og_url":"https:\/\/www.pacientesatm.com\/?p=251","og_site_name":"Asociaci\u00f3n Espa\u00f1ola de Pacientes con Dolor Neurop\u00e1tico","article_publisher":"https:\/\/www.facebook.com\/dolorneuropatico","article_published_time":"2014-05-31T21:39:50+00:00","article_modified_time":"2015-11-07T14:00:25+00:00","og_image":[{"width":474,"height":256,"url":"https:\/\/www.pacientesatm.com\/wp-content\/uploads\/2014\/05\/1.png","type":"image\/png"}],"author":"Ignacio del Rio","twitter_card":"summary_large_image","twitter_creator":"@AlianzaDolor","twitter_site":"@AlianzaDolor","twitter_misc":{"Escrito por":"Ignacio del Rio","Tiempo de lectura":"10 minutos"},"schema":{"@context":"https:\/\/schema.org","@graph":[{"@type":"NewsArticle","@id":"https:\/\/www.pacientesatm.com\/?p=251#article","isPartOf":{"@id":"https:\/\/www.pacientesatm.com\/?p=251"},"author":{"name":"Ignacio del Rio","@id":"https:\/\/www.pacientesatm.com\/#\/schema\/person\/b2abb3172d8c79abb77ae65f95c64582"},"headline":"En la Sanidad espa\u00f1ola: diferentes pel\u00edculas con los mismos actores","datePublished":"2014-05-31T21:39:50+00:00","dateModified":"2015-11-07T14:00:25+00:00","mainEntityOfPage":{"@id":"https:\/\/www.pacientesatm.com\/?p=251"},"wordCount":2011,"publisher":{"@id":"https:\/\/www.pacientesatm.com\/#organization"},"articleSection":["Noticias"],"inLanguage":"es"},{"@type":["WebPage","MedicalWebPage"],"@id":"https:\/\/www.pacientesatm.com\/?p=251","url":"https:\/\/www.pacientesatm.com\/?p=251","name":"En la Sanidad espa\u00f1ola: diferentes pel\u00edculas con los mismos actores - Asociaci\u00f3n Espa\u00f1ola de Pacientes con Dolor Neurop\u00e1tico","isPartOf":{"@id":"https:\/\/www.pacientesatm.com\/#website"},"datePublished":"2014-05-31T21:39:50+00:00","dateModified":"2015-11-07T14:00:25+00:00","description":"Asociaci\u00f3n de Pacientes que sufren Dolor. Nuestro equipo de m\u00e9dicos y sanitarios intentamos ayudar a todos los pacientes que sufren dolor","breadcrumb":{"@id":"https:\/\/www.pacientesatm.com\/?p=251#breadcrumb"},"inLanguage":"es","potentialAction":[{"@type":"ReadAction","target":["https:\/\/www.pacientesatm.com\/?p=251"]}]},{"@type":"BreadcrumbList","@id":"https:\/\/www.pacientesatm.com\/?p=251#breadcrumb","itemListElement":[{"@type":"ListItem","position":1,"name":"Portada","item":"https:\/\/www.pacientesatm.com\/"},{"@type":"ListItem","position":2,"name":"En la Sanidad espa\u00f1ola: diferentes pel\u00edculas con los mismos actores"}]},{"@type":"WebSite","@id":"https:\/\/www.pacientesatm.com\/#website","url":"https:\/\/www.pacientesatm.com\/","name":"Asociaci\u00f3n Espa\u00f1ola de Pacientes con Dolor Trig\u00e9mino","description":"Asociaci\u00f3n Espa\u00f1ola de Pacientes con Dolor Neuropatico, Dolor Cronico y Neuralgia del Trig\u00e9mino","publisher":{"@id":"https:\/\/www.pacientesatm.com\/#organization"},"alternateName":"Alianza Contra el Dolor","potentialAction":[{"@type":"SearchAction","target":{"@type":"EntryPoint","urlTemplate":"https:\/\/www.pacientesatm.com\/?s={search_term_string}"},"query-input":"required name=search_term_string"}],"inLanguage":"es"},{"@type":"Organization","@id":"https:\/\/www.pacientesatm.com\/#organization","name":"Alianza Contra el Dolor","alternateName":"Alianza Contra el Dolor","url":"https:\/\/www.pacientesatm.com\/","logo":{"@type":"ImageObject","inLanguage":"es","@id":"https:\/\/www.pacientesatm.com\/#\/schema\/logo\/image\/","url":"https:\/\/www.pacientesatm.com\/wp-content\/uploads\/2022\/10\/Logo_alianzadolor2022_fondotransparente.png","contentUrl":"https:\/\/www.pacientesatm.com\/wp-content\/uploads\/2022\/10\/Logo_alianzadolor2022_fondotransparente.png","width":709,"height":709,"caption":"Alianza Contra el Dolor"},"image":{"@id":"https:\/\/www.pacientesatm.com\/#\/schema\/logo\/image\/"},"sameAs":["https:\/\/www.facebook.com\/dolorneuropatico","https:\/\/twitter.com\/AlianzaDolor","https:\/\/www.instagram.com\/alianzacontraeldolor","https:\/\/www.youtube.com\/Alianzacontraeldolor","https:\/\/www.linkedin.com\/company\/alianza-contra-el-dolor\/"]},{"@type":"Person","@id":"https:\/\/www.pacientesatm.com\/#\/schema\/person\/b2abb3172d8c79abb77ae65f95c64582","name":"Ignacio del Rio","image":{"@type":"ImageObject","inLanguage":"es","@id":"https:\/\/www.pacientesatm.com\/#\/schema\/person\/image\/","url":"https:\/\/secure.gravatar.com\/avatar\/63d1fa88871c7590b4875c08cc5a5de2663b014c4e5bda3333bb9fb69bb27b0a?s=96&d=mm&r=g","contentUrl":"https:\/\/secure.gravatar.com\/avatar\/63d1fa88871c7590b4875c08cc5a5de2663b014c4e5bda3333bb9fb69bb27b0a?s=96&d=mm&r=g","caption":"Ignacio del Rio"},"url":"https:\/\/www.pacientesatm.com\/?author=3"}]}},"_links":{"self":[{"href":"https:\/\/www.pacientesatm.com\/index.php?rest_route=\/wp\/v2\/posts\/251","targetHints":{"allow":["GET"]}}],"collection":[{"href":"https:\/\/www.pacientesatm.com\/index.php?rest_route=\/wp\/v2\/posts"}],"about":[{"href":"https:\/\/www.pacientesatm.com\/index.php?rest_route=\/wp\/v2\/types\/post"}],"author":[{"embeddable":true,"href":"https:\/\/www.pacientesatm.com\/index.php?rest_route=\/wp\/v2\/users\/3"}],"replies":[{"embeddable":true,"href":"https:\/\/www.pacientesatm.com\/index.php?rest_route=%2Fwp%2Fv2%2Fcomments&post=251"}],"version-history":[{"count":1,"href":"https:\/\/www.pacientesatm.com\/index.php?rest_route=\/wp\/v2\/posts\/251\/revisions"}],"predecessor-version":[{"id":253,"href":"https:\/\/www.pacientesatm.com\/index.php?rest_route=\/wp\/v2\/posts\/251\/revisions\/253"}],"wp:featuredmedia":[{"embeddable":true,"href":"https:\/\/www.pacientesatm.com\/index.php?rest_route=\/wp\/v2\/media\/252"}],"wp:attachment":[{"href":"https:\/\/www.pacientesatm.com\/index.php?rest_route=%2Fwp%2Fv2%2Fmedia&parent=251"}],"wp:term":[{"taxonomy":"category","embeddable":true,"href":"https:\/\/www.pacientesatm.com\/index.php?rest_route=%2Fwp%2Fv2%2Fcategories&post=251"},{"taxonomy":"post_tag","embeddable":true,"href":"https:\/\/www.pacientesatm.com\/index.php?rest_route=%2Fwp%2Fv2%2Ftags&post=251"}],"curies":[{"name":"wp","href":"https:\/\/api.w.org\/{rel}","templated":true}]}}