{"id":844,"date":"2016-02-26T11:29:24","date_gmt":"2016-02-26T11:29:24","guid":{"rendered":"http:\/\/www.pacientesatm.com\/?p=844"},"modified":"2016-05-21T11:32:20","modified_gmt":"2016-05-21T11:32:20","slug":"expertos-afirman-que-el-dolor-se-diagnostica-y-trata-incorrectamente","status":"publish","type":"post","link":"https:\/\/www.pacientesatm.com\/?p=844","title":{"rendered":"Expertos afirman que el dolor facial se diagn\u00f3stica y trata incorrectamente"},"content":{"rendered":"<p><span style=\"color: #000000;\">Cl\u00ednicos colaboradores de la Asociaci\u00f3n Espa\u00f1ola de Pacientes con Dolor Neurop\u00e1tico recomiendan EVITAR la realizaci\u00f3n de t\u00e9cnicas quir\u00fargicas ablativas en el ganglio de Gasser cuando los pacientes presentan dolor facial<\/span><\/p>\n<p><iframe loading=\"lazy\" src=\"https:\/\/www.youtube.com\/embed\/dPMLbXbbsyc\" width=\"490\" height=\"276\" frameborder=\"0\" allowfullscreen=\"allowfullscreen\"><\/iframe><\/p>\n<p><span style=\"color: #000000;\">Departamento de Prensa de la Asociaci\u00f3n Espa\u00f1ola de Pacientes con Dolor Neurop\u00e1tico<\/span><br \/>\n<span style=\"color: #800000;\"> <a style=\"text-decoration: none; color: #800000;\" href=\"http:\/\/www.pacientesatm.com\" target=\"_blank\">www.pacientesatm.com<\/a><\/span><br \/>\n<span style=\"color: #800000;\"> <a style=\"text-decoration: none; color: #800000;\" href=\"http:\/\/morethandoctors.com\/\" target=\"_blank\">www.morethandoctors.com<\/a><\/span><br \/>\n<span style=\"color: #000000;\"> T. 638 98 97 69<\/span><br \/>\n<span style=\"color: #000000;\"> . Miembros de la Asociaci\u00f3n Nacional de Informadores de la Salud (ANIS)<\/span><br \/>\n<span style=\"color: #000000;\"> . Todas las noticias de nuestros portales de salud est\u00e1n supervisasdas por cl\u00ednicos miembros del Comit\u00e9 Cient\u00edfico de AEPA ATM<\/span><\/p>\n","protected":false},"excerpt":{"rendered":"<p>Cl\u00ednicos colaboradores de la Asociaci\u00f3n Espa\u00f1ola de Pacientes con Dolor Neurop\u00e1tico recomiendan EVITAR la realizaci\u00f3n de t\u00e9cnicas quir\u00fargicas ablativas en el ganglio de Gasser cuando los pacientes presentan dolor facial Departamento de Prensa de la Asociaci\u00f3n Espa\u00f1ola de Pacientes con<span class=\"ellipsis\">&hellip;<\/span><\/p>\n<div class=\"read-more\"><a href=\"https:\/\/www.pacientesatm.com\/?p=844\">Leer m\u00e1s \u203a<\/a><\/div>\n<p><!-- end of .read-more --><\/p>\n","protected":false},"author":3,"featured_media":846,"comment_status":"closed","ping_status":"closed","sticky":false,"template":"","format":"standard","meta":{"footnotes":""},"categories":[3],"tags":[],"class_list":["post-844","post","type-post","status-publish","format-standard","has-post-thumbnail","hentry","category-noticias"],"yoast_head":"<!-- This site is optimized with the Yoast SEO plugin v21.1 - https:\/\/yoast.com\/wordpress\/plugins\/seo\/ -->\n<title>Expertos afirman que el dolor facial se diagn\u00f3stica y trata incorrectamente - Asociaci\u00f3n Espa\u00f1ola de Pacientes con Dolor Neurop\u00e1tico<\/title>\n<meta name=\"description\" content=\"Asociaci\u00f3n de Pacientes que sufren Dolor. Nuestro equipo de m\u00e9dicos y sanitarios intentamos ayudar a todos los pacientes que sufren dolor\" \/>\n<meta name=\"robots\" content=\"index, follow, max-snippet:-1, max-image-preview:large, max-video-preview:-1\" \/>\n<link rel=\"canonical\" href=\"https:\/\/www.pacientesatm.com\/?p=844\" \/>\n<meta property=\"og:locale\" content=\"es_ES\" \/>\n<meta property=\"og:type\" content=\"article\" \/>\n<meta property=\"og:title\" content=\"Expertos afirman que el dolor facial se diagn\u00f3stica y trata incorrectamente - Asociaci\u00f3n Espa\u00f1ola de Pacientes con Dolor Neurop\u00e1tico\" \/>\n<meta property=\"og:description\" content=\"Asociaci\u00f3n de Pacientes que sufren Dolor. Nuestro equipo de m\u00e9dicos y sanitarios intentamos ayudar a todos los pacientes que sufren dolor\" \/>\n<meta property=\"og:url\" content=\"https:\/\/www.pacientesatm.com\/?p=844\" \/>\n<meta property=\"og:site_name\" content=\"Asociaci\u00f3n Espa\u00f1ola de Pacientes con Dolor Neurop\u00e1tico\" \/>\n<meta property=\"article:publisher\" content=\"https:\/\/www.facebook.com\/dolorneuropatico\" \/>\n<meta property=\"article:published_time\" content=\"2016-02-26T11:29:24+00:00\" \/>\n<meta property=\"article:modified_time\" content=\"2016-05-21T11:32:20+00:00\" \/>\n<meta property=\"og:image\" content=\"https:\/\/www.pacientesatm.com\/wp-content\/uploads\/2016\/02\/raquel-video.jpg\" \/>\n\t<meta property=\"og:image:width\" content=\"637\" \/>\n\t<meta property=\"og:image:height\" content=\"356\" \/>\n\t<meta property=\"og:image:type\" content=\"image\/jpeg\" \/>\n<meta name=\"author\" content=\"Ignacio del Rio\" \/>\n<meta name=\"twitter:card\" content=\"summary_large_image\" \/>\n<meta name=\"twitter:creator\" content=\"@AlianzaDolor\" \/>\n<meta name=\"twitter:site\" content=\"@AlianzaDolor\" \/>\n<meta name=\"twitter:label1\" content=\"Escrito por\" \/>\n\t<meta name=\"twitter:data1\" content=\"Ignacio del Rio\" \/>\n<script type=\"application\/ld+json\" class=\"yoast-schema-graph\">{\"@context\":\"https:\/\/schema.org\",\"@graph\":[{\"@type\":\"NewsArticle\",\"@id\":\"https:\/\/www.pacientesatm.com\/?p=844#article\",\"isPartOf\":{\"@id\":\"https:\/\/www.pacientesatm.com\/?p=844\"},\"author\":{\"name\":\"Ignacio del Rio\",\"@id\":\"https:\/\/www.pacientesatm.com\/#\/schema\/person\/b2abb3172d8c79abb77ae65f95c64582\"},\"headline\":\"Expertos afirman que el dolor facial se diagn\u00f3stica y trata incorrectamente\",\"datePublished\":\"2016-02-26T11:29:24+00:00\",\"dateModified\":\"2016-05-21T11:32:20+00:00\",\"mainEntityOfPage\":{\"@id\":\"https:\/\/www.pacientesatm.com\/?p=844\"},\"wordCount\":105,\"publisher\":{\"@id\":\"https:\/\/www.pacientesatm.com\/#organization\"},\"articleSection\":[\"Noticias\"],\"inLanguage\":\"es\"},{\"@type\":[\"WebPage\",\"MedicalWebPage\"],\"@id\":\"https:\/\/www.pacientesatm.com\/?p=844\",\"url\":\"https:\/\/www.pacientesatm.com\/?p=844\",\"name\":\"Expertos afirman que el dolor facial se diagn\u00f3stica y trata incorrectamente - Asociaci\u00f3n Espa\u00f1ola de Pacientes con Dolor Neurop\u00e1tico\",\"isPartOf\":{\"@id\":\"https:\/\/www.pacientesatm.com\/#website\"},\"datePublished\":\"2016-02-26T11:29:24+00:00\",\"dateModified\":\"2016-05-21T11:32:20+00:00\",\"description\":\"Asociaci\u00f3n de Pacientes que sufren Dolor. Nuestro equipo de m\u00e9dicos y sanitarios intentamos ayudar a todos los pacientes que sufren dolor\",\"breadcrumb\":{\"@id\":\"https:\/\/www.pacientesatm.com\/?p=844#breadcrumb\"},\"inLanguage\":\"es\",\"potentialAction\":[{\"@type\":\"ReadAction\",\"target\":[\"https:\/\/www.pacientesatm.com\/?p=844\"]}]},{\"@type\":\"BreadcrumbList\",\"@id\":\"https:\/\/www.pacientesatm.com\/?p=844#breadcrumb\",\"itemListElement\":[{\"@type\":\"ListItem\",\"position\":1,\"name\":\"Portada\",\"item\":\"https:\/\/www.pacientesatm.com\/\"},{\"@type\":\"ListItem\",\"position\":2,\"name\":\"Expertos afirman que el dolor facial se diagn\u00f3stica y trata incorrectamente\"}]},{\"@type\":\"WebSite\",\"@id\":\"https:\/\/www.pacientesatm.com\/#website\",\"url\":\"https:\/\/www.pacientesatm.com\/\",\"name\":\"Asociaci\u00f3n Espa\u00f1ola de Pacientes con Dolor Trig\u00e9mino\",\"description\":\"Asociaci\u00f3n Espa\u00f1ola de Pacientes con Dolor Neuropatico, Dolor Cronico y Neuralgia del Trig\u00e9mino\",\"publisher\":{\"@id\":\"https:\/\/www.pacientesatm.com\/#organization\"},\"alternateName\":\"Alianza Contra el Dolor\",\"potentialAction\":[{\"@type\":\"SearchAction\",\"target\":{\"@type\":\"EntryPoint\",\"urlTemplate\":\"https:\/\/www.pacientesatm.com\/?s={search_term_string}\"},\"query-input\":\"required name=search_term_string\"}],\"inLanguage\":\"es\"},{\"@type\":\"Organization\",\"@id\":\"https:\/\/www.pacientesatm.com\/#organization\",\"name\":\"Alianza Contra el Dolor\",\"alternateName\":\"Alianza Contra el Dolor\",\"url\":\"https:\/\/www.pacientesatm.com\/\",\"logo\":{\"@type\":\"ImageObject\",\"inLanguage\":\"es\",\"@id\":\"https:\/\/www.pacientesatm.com\/#\/schema\/logo\/image\/\",\"url\":\"https:\/\/www.pacientesatm.com\/wp-content\/uploads\/2022\/10\/Logo_alianzadolor2022_fondotransparente.png\",\"contentUrl\":\"https:\/\/www.pacientesatm.com\/wp-content\/uploads\/2022\/10\/Logo_alianzadolor2022_fondotransparente.png\",\"width\":709,\"height\":709,\"caption\":\"Alianza Contra el Dolor\"},\"image\":{\"@id\":\"https:\/\/www.pacientesatm.com\/#\/schema\/logo\/image\/\"},\"sameAs\":[\"https:\/\/www.facebook.com\/dolorneuropatico\",\"https:\/\/twitter.com\/AlianzaDolor\",\"https:\/\/www.instagram.com\/alianzacontraeldolor\",\"https:\/\/www.youtube.com\/Alianzacontraeldolor\",\"https:\/\/www.linkedin.com\/company\/alianza-contra-el-dolor\/\"]},{\"@type\":\"Person\",\"@id\":\"https:\/\/www.pacientesatm.com\/#\/schema\/person\/b2abb3172d8c79abb77ae65f95c64582\",\"name\":\"Ignacio del Rio\",\"image\":{\"@type\":\"ImageObject\",\"inLanguage\":\"es\",\"@id\":\"https:\/\/www.pacientesatm.com\/#\/schema\/person\/image\/\",\"url\":\"https:\/\/secure.gravatar.com\/avatar\/63d1fa88871c7590b4875c08cc5a5de2663b014c4e5bda3333bb9fb69bb27b0a?s=96&d=mm&r=g\",\"contentUrl\":\"https:\/\/secure.gravatar.com\/avatar\/63d1fa88871c7590b4875c08cc5a5de2663b014c4e5bda3333bb9fb69bb27b0a?s=96&d=mm&r=g\",\"caption\":\"Ignacio del Rio\"},\"url\":\"https:\/\/www.pacientesatm.com\/?author=3\"}]}<\/script>\n<!-- \/ Yoast SEO plugin. -->","yoast_head_json":{"title":"Expertos afirman que el dolor facial se diagn\u00f3stica y trata incorrectamente - Asociaci\u00f3n Espa\u00f1ola de Pacientes con Dolor Neurop\u00e1tico","description":"Asociaci\u00f3n de Pacientes que sufren Dolor. Nuestro equipo de m\u00e9dicos y sanitarios intentamos ayudar a todos los pacientes que sufren dolor","robots":{"index":"index","follow":"follow","max-snippet":"max-snippet:-1","max-image-preview":"max-image-preview:large","max-video-preview":"max-video-preview:-1"},"canonical":"https:\/\/www.pacientesatm.com\/?p=844","og_locale":"es_ES","og_type":"article","og_title":"Expertos afirman que el dolor facial se diagn\u00f3stica y trata incorrectamente - Asociaci\u00f3n Espa\u00f1ola de Pacientes con Dolor Neurop\u00e1tico","og_description":"Asociaci\u00f3n de Pacientes que sufren Dolor. Nuestro equipo de m\u00e9dicos y sanitarios intentamos ayudar a todos los pacientes que sufren dolor","og_url":"https:\/\/www.pacientesatm.com\/?p=844","og_site_name":"Asociaci\u00f3n Espa\u00f1ola de Pacientes con Dolor Neurop\u00e1tico","article_publisher":"https:\/\/www.facebook.com\/dolorneuropatico","article_published_time":"2016-02-26T11:29:24+00:00","article_modified_time":"2016-05-21T11:32:20+00:00","og_image":[{"width":637,"height":356,"url":"https:\/\/www.pacientesatm.com\/wp-content\/uploads\/2016\/02\/raquel-video.jpg","type":"image\/jpeg"}],"author":"Ignacio del Rio","twitter_card":"summary_large_image","twitter_creator":"@AlianzaDolor","twitter_site":"@AlianzaDolor","twitter_misc":{"Escrito por":"Ignacio del Rio"},"schema":{"@context":"https:\/\/schema.org","@graph":[{"@type":"NewsArticle","@id":"https:\/\/www.pacientesatm.com\/?p=844#article","isPartOf":{"@id":"https:\/\/www.pacientesatm.com\/?p=844"},"author":{"name":"Ignacio del Rio","@id":"https:\/\/www.pacientesatm.com\/#\/schema\/person\/b2abb3172d8c79abb77ae65f95c64582"},"headline":"Expertos afirman que el dolor facial se diagn\u00f3stica y trata incorrectamente","datePublished":"2016-02-26T11:29:24+00:00","dateModified":"2016-05-21T11:32:20+00:00","mainEntityOfPage":{"@id":"https:\/\/www.pacientesatm.com\/?p=844"},"wordCount":105,"publisher":{"@id":"https:\/\/www.pacientesatm.com\/#organization"},"articleSection":["Noticias"],"inLanguage":"es"},{"@type":["WebPage","MedicalWebPage"],"@id":"https:\/\/www.pacientesatm.com\/?p=844","url":"https:\/\/www.pacientesatm.com\/?p=844","name":"Expertos afirman que el dolor facial se diagn\u00f3stica y trata incorrectamente - Asociaci\u00f3n Espa\u00f1ola de Pacientes con Dolor Neurop\u00e1tico","isPartOf":{"@id":"https:\/\/www.pacientesatm.com\/#website"},"datePublished":"2016-02-26T11:29:24+00:00","dateModified":"2016-05-21T11:32:20+00:00","description":"Asociaci\u00f3n de Pacientes que sufren Dolor. Nuestro equipo de m\u00e9dicos y sanitarios intentamos ayudar a todos los pacientes que sufren dolor","breadcrumb":{"@id":"https:\/\/www.pacientesatm.com\/?p=844#breadcrumb"},"inLanguage":"es","potentialAction":[{"@type":"ReadAction","target":["https:\/\/www.pacientesatm.com\/?p=844"]}]},{"@type":"BreadcrumbList","@id":"https:\/\/www.pacientesatm.com\/?p=844#breadcrumb","itemListElement":[{"@type":"ListItem","position":1,"name":"Portada","item":"https:\/\/www.pacientesatm.com\/"},{"@type":"ListItem","position":2,"name":"Expertos afirman que el dolor facial se diagn\u00f3stica y trata incorrectamente"}]},{"@type":"WebSite","@id":"https:\/\/www.pacientesatm.com\/#website","url":"https:\/\/www.pacientesatm.com\/","name":"Asociaci\u00f3n Espa\u00f1ola de Pacientes con Dolor Trig\u00e9mino","description":"Asociaci\u00f3n Espa\u00f1ola de Pacientes con Dolor Neuropatico, Dolor Cronico y Neuralgia del Trig\u00e9mino","publisher":{"@id":"https:\/\/www.pacientesatm.com\/#organization"},"alternateName":"Alianza Contra el Dolor","potentialAction":[{"@type":"SearchAction","target":{"@type":"EntryPoint","urlTemplate":"https:\/\/www.pacientesatm.com\/?s={search_term_string}"},"query-input":"required name=search_term_string"}],"inLanguage":"es"},{"@type":"Organization","@id":"https:\/\/www.pacientesatm.com\/#organization","name":"Alianza Contra el Dolor","alternateName":"Alianza Contra el Dolor","url":"https:\/\/www.pacientesatm.com\/","logo":{"@type":"ImageObject","inLanguage":"es","@id":"https:\/\/www.pacientesatm.com\/#\/schema\/logo\/image\/","url":"https:\/\/www.pacientesatm.com\/wp-content\/uploads\/2022\/10\/Logo_alianzadolor2022_fondotransparente.png","contentUrl":"https:\/\/www.pacientesatm.com\/wp-content\/uploads\/2022\/10\/Logo_alianzadolor2022_fondotransparente.png","width":709,"height":709,"caption":"Alianza Contra el Dolor"},"image":{"@id":"https:\/\/www.pacientesatm.com\/#\/schema\/logo\/image\/"},"sameAs":["https:\/\/www.facebook.com\/dolorneuropatico","https:\/\/twitter.com\/AlianzaDolor","https:\/\/www.instagram.com\/alianzacontraeldolor","https:\/\/www.youtube.com\/Alianzacontraeldolor","https:\/\/www.linkedin.com\/company\/alianza-contra-el-dolor\/"]},{"@type":"Person","@id":"https:\/\/www.pacientesatm.com\/#\/schema\/person\/b2abb3172d8c79abb77ae65f95c64582","name":"Ignacio del Rio","image":{"@type":"ImageObject","inLanguage":"es","@id":"https:\/\/www.pacientesatm.com\/#\/schema\/person\/image\/","url":"https:\/\/secure.gravatar.com\/avatar\/63d1fa88871c7590b4875c08cc5a5de2663b014c4e5bda3333bb9fb69bb27b0a?s=96&d=mm&r=g","contentUrl":"https:\/\/secure.gravatar.com\/avatar\/63d1fa88871c7590b4875c08cc5a5de2663b014c4e5bda3333bb9fb69bb27b0a?s=96&d=mm&r=g","caption":"Ignacio del Rio"},"url":"https:\/\/www.pacientesatm.com\/?author=3"}]}},"_links":{"self":[{"href":"https:\/\/www.pacientesatm.com\/index.php?rest_route=\/wp\/v2\/posts\/844","targetHints":{"allow":["GET"]}}],"collection":[{"href":"https:\/\/www.pacientesatm.com\/index.php?rest_route=\/wp\/v2\/posts"}],"about":[{"href":"https:\/\/www.pacientesatm.com\/index.php?rest_route=\/wp\/v2\/types\/post"}],"author":[{"embeddable":true,"href":"https:\/\/www.pacientesatm.com\/index.php?rest_route=\/wp\/v2\/users\/3"}],"replies":[{"embeddable":true,"href":"https:\/\/www.pacientesatm.com\/index.php?rest_route=%2Fwp%2Fv2%2Fcomments&post=844"}],"version-history":[{"count":3,"href":"https:\/\/www.pacientesatm.com\/index.php?rest_route=\/wp\/v2\/posts\/844\/revisions"}],"predecessor-version":[{"id":906,"href":"https:\/\/www.pacientesatm.com\/index.php?rest_route=\/wp\/v2\/posts\/844\/revisions\/906"}],"wp:featuredmedia":[{"embeddable":true,"href":"https:\/\/www.pacientesatm.com\/index.php?rest_route=\/wp\/v2\/media\/846"}],"wp:attachment":[{"href":"https:\/\/www.pacientesatm.com\/index.php?rest_route=%2Fwp%2Fv2%2Fmedia&parent=844"}],"wp:term":[{"taxonomy":"category","embeddable":true,"href":"https:\/\/www.pacientesatm.com\/index.php?rest_route=%2Fwp%2Fv2%2Fcategories&post=844"},{"taxonomy":"post_tag","embeddable":true,"href":"https:\/\/www.pacientesatm.com\/index.php?rest_route=%2Fwp%2Fv2%2Ftags&post=844"}],"curies":[{"name":"wp","href":"https:\/\/api.w.org\/{rel}","templated":true}]}}