{"id":886,"date":"2016-05-12T11:56:23","date_gmt":"2016-05-12T11:56:23","guid":{"rendered":"http:\/\/www.pacientesatm.com\/?p=886"},"modified":"2022-08-27T11:53:56","modified_gmt":"2022-08-27T11:53:56","slug":"esto-es-como-ir-a-la-guerra-todos-los-dias-no-te-puedes-permitir-una-depresion-porque-estas-luchando-por-otros","status":"publish","type":"post","link":"https:\/\/www.pacientesatm.com\/?p=886","title":{"rendered":"\u201cEsto es como ir a la guerra todos los d\u00edas. No te puedes permitir una depresi\u00f3n porque est\u00e1s luchando por otros\u201d"},"content":{"rendered":"<p><span style=\"color: #000000; font-family: verdana,geneva; font-size: 10pt;\">Entrevista con Carlos Mateo-Sagasta, Voluntario de la Asociaci\u00f3n Espa\u00f1ola de Pacientes con Dolor Neurop\u00e1tico, afectado de Esclerosis M\u00faltiple Progresiva, capaz de trasmitir su fuerza, una energ\u00eda que, a veces, no parece de este mundo.<\/span><\/p>\n<p style=\"text-align: center;\"><img loading=\"lazy\" decoding=\"async\" class=\"size-full wp-image-887 aligncenter\" src=\"http:\/\/www.pacientesatm.com\/wp-content\/uploads\/2016\/05\/fotoMTD12-mayo-2016.png\" alt=\"fotoMTD12-mayo-2016\" width=\"601\" height=\"339\" srcset=\"https:\/\/www.pacientesatm.com\/wp-content\/uploads\/2016\/05\/fotoMTD12-mayo-2016.png 601w, https:\/\/www.pacientesatm.com\/wp-content\/uploads\/2016\/05\/fotoMTD12-mayo-2016-300x169.png 300w, https:\/\/www.pacientesatm.com\/wp-content\/uploads\/2016\/05\/fotoMTD12-mayo-2016-100x56.png 100w, https:\/\/www.pacientesatm.com\/wp-content\/uploads\/2016\/05\/fotoMTD12-mayo-2016-150x85.png 150w, https:\/\/www.pacientesatm.com\/wp-content\/uploads\/2016\/05\/fotoMTD12-mayo-2016-200x113.png 200w, https:\/\/www.pacientesatm.com\/wp-content\/uploads\/2016\/05\/fotoMTD12-mayo-2016-450x254.png 450w, https:\/\/www.pacientesatm.com\/wp-content\/uploads\/2016\/05\/fotoMTD12-mayo-2016-600x338.png 600w\" sizes=\"auto, (max-width: 601px) 100vw, 601px\" \/> <span style=\"color: #555555; font-family: verdana,geneva; font-size: 8pt;\"><span style=\"color: #000000;\">Carlos Mateo-Sagasta. Voluntario de la Asociaci\u00f3n Espa\u00f1ola de Pacientes con Dolor Neurop\u00e1tico. Afectado por Esclerosis M\u00faltiple Progresiva<\/span> <\/span><!--more--><\/p>\n<p><strong><span style=\"font-family: verdana,geneva; font-size: 10pt; color: #800000;\">1. \u00bfCarlos, nos puedes explicar brevemente c\u00f3mo ha sido tu vida y que enfermedad padeces?<\/span><\/strong><\/p>\n<p><span style=\"color: #555555; font-family: verdana,geneva; font-size: 10pt;\"><span style=\"color: #000000;\">Actualmente tengo 60 a\u00f1os. He sido Directivo de Schweppes y, luego pase a Coca Cola Espa\u00f1a. Cuando ya llevaba unos 16 a\u00f1os en Coca-Cola, me empezaron a fallar las fuerzas. Estaba en un estadio de f\u00fatbol cerrando un contrato y me ca\u00ed al suelo. Iba a trabajar con bast\u00f3n. Hasta que un d\u00eda me dejaron de funcionar ambas piernas. El m\u00e9dico me explic\u00f3 que mi enfermedad era cruel, lenta y dolorosa. Que sufr\u00eda Esclerosis M\u00faltiple Progresiva. Que es el peor tipo de Esclerosis. Le mir\u00e9 a los ojos y me fui llorando y con una rabia enorme dentro de mi coraz\u00f3n.<\/span> <\/span><\/p>\n<p><strong><span style=\"color: #800000; font-family: verdana,geneva; font-size: 10pt;\">2. \u00bfC\u00f3mo acept\u00f3 este diagn\u00f3stico?<\/span><\/strong><\/p>\n<p><span style=\"color: #000000; font-family: verdana,geneva; font-size: 10pt;\"><strong>Se acepta con muy mala uva.<\/strong> He sido siempre hiperactivo. Con una fuerza y un genio muy fuertes. Ves en primera persona c\u00f3mo te conviertes en un trapo y el cuerpo no responde a tu alma. Una vez pasada esa fase, pues me puse a buscar las mejores sillas y motos para inv\u00e1lidos. <strong>Ten\u00eda que ser pr\u00e1ctico y r\u00e1pido a la vez.<\/strong> Me he pegado unos golpes de \u201caupa\u201d por las rampas\u2026 , pero me he lanzado por todas. No me da miedo nada. S\u00f3lo que se me gaste la bater\u00eda de la silla el\u00e9ctrica porque me quedo clavado donde est\u00e9.<\/span><\/p>\n<p><span style=\"color: #800000;\"><strong><span style=\"font-family: verdana,geneva; font-size: 10pt;\">3. \u00bfEste era el primer golpe fuerte en su vida?<\/span><\/strong><\/span><\/p>\n<p><span style=\"color: #555555; font-family: verdana,geneva; font-size: 10pt;\"><span style=\"color: #000000;\">Tengo largo recorrido\u2026 El primer golpe gordo que tuve fue un accidente de moto que tuve con mi mejor amigo en mitad de la Castellana, en Madrid. Una ambulancia nos arroll\u00f3 a los dos. Me pusieron una s\u00e1bana blanca por encima porque pensaba que hab\u00eda fallecido. Menos mal que me dejaron un dedo fuera de la s\u00e1bana que intent\u00e9 mover. Un vecino de la zona lo vi\u00f3 y gritaba: <strong>\u201cEse chaval no est\u00e1 muerto\u201d.<\/strong> El accidente fue tremendo y me pas\u00e9 varios meses en el hospital. Tengo varios colgantes y llaveros con trozos de mi peron\u00e9. La pierna nunca me qued\u00f3 bien del todo. Sufr\u00ed muchas hemorragias.<\/span> <\/span><\/p>\n<p><span style=\"color: #800000;\"><strong><span style=\"font-family: verdana,geneva; font-size: 10pt;\">4. \u00bfDespu\u00e9s de ese accidente qu\u00e9 ocurri\u00f3?<\/span><\/strong><\/span><\/p>\n<p><span style=\"color: #000000; font-family: verdana,geneva; font-size: 10pt;\">Me recuper\u00e9 bastante bien porque ten\u00eda 18 a\u00f1os, aunque de la pierna nunca termin\u00e9 de recuperarme. A\u00f1os despu\u00e9s, vino el segundo golpe. Me enamor\u00e9 de una persona que estaba enferma del coraz\u00f3n. Mi mujer se llamaba Adela G\u00f3mez Arreixeiras. Era una belleza de ser humano. Nos casamos y pasamos nuestro matrimonio en el hospital. Pero yo fui feliz con ella. La amaba profundamente. Ella no se quer\u00eda casar conmigo. Me cost\u00f3 mucho. Si te enamoras de una persona enferma, pues te enamoras y punto. A los cuatro a\u00f1os, en plena luna de miel Dios se la llev\u00f3. Tuve que remontar s\u00f3lo. Me dol\u00eda el alma. Su hermana tambi\u00e9n estaba enferma. Me hab\u00eda casado con todas las consecuencias y ayud\u00e9 en lo que pude tambi\u00e9n en su familia.<\/span><\/p>\n<p><span style=\"color: #800000;\"><strong><span style=\"font-family: verdana,geneva; font-size: 10pt;\">5.\u00a0 \u00bfC\u00f3mo continu\u00f3 su vida?<\/span><\/strong><\/span><\/p>\n<p><span style=\"color: #000000; font-family: verdana,geneva; font-size: 10pt;\">Mi vida continu\u00f3 rezando. Porque, si no, resulta imposible continuar. Nada tiene una explicaci\u00f3n l\u00f3gica que podamos entender. Me enfad\u00e9 mucho. Pero la vida no nos pertenece y aqu\u00ed hemos venido a aprender. A\u00f1os despu\u00e9s me volv\u00ed a casar. Y, esta enfermedad apareci\u00f3 de una manera muy cruel y agresiva. De ese tema prefiero no hablar. Los divorcios son de cada uno. Pero doy por buena esa segunda relaci\u00f3n porque tengo dos hijos maravillosos. El mayor ya es m\u00e9dico. Y, el segundo a\u00fan est\u00e1 estudiando su carrera. <strong>Mi vida consiste en que mis hijos salgan adelante. Ese pensamiento ha sido mi vida. Mi vida no exist\u00eda. S\u00f3lo exist\u00edan mis hijos.<\/strong> <\/span><\/p>\n<p><strong><span style=\"color: #800000; font-family: verdana,geneva; font-size: 10pt;\">6. \u00bfY qu\u00e9 le recomiendas a otros pacientes?<\/span><\/strong><\/p>\n<p><span style=\"color: #000000; font-family: verdana,geneva; font-size: 10pt;\">Que nunca dejen de luchar. Que no se queden en la cama. Que salgan a la calle. Que las cosas ocurren fuera. Que se mantengan informados. Tendr\u00e1s d\u00edas malos. Pero esto es como ser soldado en la guerra. Tienes que salir en cualquier estado. La enfermedad parece que te roba a tu pareja, a tus amigos\u2026; Pero no es verdad. <strong>Es una oportunidad para ver de qui\u00e9n estabas rodeado. En mi vida se han quedado solo unas personas. Eso no tiene precio.<\/strong><\/span><br \/>\n<span style=\"color: #000000; font-family: verdana,geneva; font-size: 10pt;\"> Yo salgo todos los d\u00edas a hacer la compra. Me cogen con una gr\u00faa. Me sientan en la silla y me voy\u00a0 a la ompra. El otro d\u00eda, me dio un infarto en pleno supermercado. Es normal, al final de esta enfermedad. Me coloqu\u00e9 en una esquina para no estorbar y baj\u00e9 la cabeza. Estaba solo. Al lado de las latas de guisantes. No era un jard\u00edn\u2026 pero era algo verde\u2026. Estaba feliz de pensar que me iba con Dios\u2026. Pero no\u2026. No era mi momento. Me recuper\u00e9 poco a poco. El dolor era brutal as\u00ed que con el motor de la silla consegu\u00ed llegar a mi casa. All\u00ed llam\u00e9 a mi hijo m\u00e9dico que me gritaba: \u201cPap\u00e1 est\u00e1s loco t\u00fambate\u201d Y, yo pensaba\u00a0 \u201c\u00bfC\u00f3mo piensa \u00e9ste que me voy a tumbar si no me puedo mover?\u201d <strong>Los m\u00e9dicos est\u00e1n en otra realidad.<\/strong> Me qued\u00e9 sentado. Lleg\u00f3 la ambulancia y me recuperaron.\u00a0 No me hizo mucha gracia, la verdad. Me daban unos golpes brutales. Pero, luego, pens\u00e9 en mi hijo peque\u00f1o y dije, ufff parece que Dios quiere que vea c\u00f3mo acaba su carrera. Mis ingresos son muy \u00fatiles para el peque\u00f1o todav\u00eda. As\u00ed que sigo luchado. Tengo muy claro que la vida no nos pertenece. Mi d\u00eda a d\u00eda es una lucha tremenda. Soy un bloque sin movimiento. Ahora me voy a ir a vivir a una residencia.<\/span><\/p>\n<p><strong><span style=\"color: #800000; font-family: verdana,geneva; font-size: 10pt;\">7. \u00bfTiene ganas de irse a la Residencia?<\/span><\/strong><\/p>\n<p><span style=\"color: #000000; font-family: verdana,geneva; font-size: 10pt;\">La verdad que no. Porque la residencia est\u00e1 llena de ancianos que est\u00e1n muy tristes. Y yo me veo muy joven y con ganas de hacer cosas. Les voy a alterar a todos en la Residencia. Pero all\u00e1 que voy. A darles marcha!!!! Tengo mucho que ense\u00f1ar. Me siento \u00fatil intelectualmente. Y, adem\u00e1s, me voy a escapar siempre que pueda en mi silla el\u00e9ctrica hasta que se me acabe la bater\u00eda. <strong>Esto es como ir a la guerra todos los d\u00edas.\u00a0 No te puedes permitir una depresi\u00f3n porque est\u00e1s luchando por otros.\u00a0 Esa es la clave.<\/strong><\/span><\/p>\n<p><span style=\"color: #800000;\"><em><span style=\"font-family: verdana,geneva; font-size: 10pt;\">Dedicado a todos los pacientes.<\/span><\/em><\/span><br \/>\n<span style=\"color: #800000;\"><em><span style=\"font-family: verdana,geneva; font-size: 10pt;\">Mar\u00eda Huerta Ruiz, Miembro del Departamento de Prensa de AEPA ATM. Periodista sanitario registrado en ANIS con la asesor\u00eda del Comit\u00e9 Cient\u00edfico de la Asociaci\u00f3n Espa\u00f1ola de Pacientes con Dolor Neurop\u00e1tico.\u00a0<\/span><\/em><\/span><\/p>\n","protected":false},"excerpt":{"rendered":"<p>Entrevista con Carlos Mateo-Sagasta, Voluntario de la Asociaci\u00f3n Espa\u00f1ola de Pacientes con Dolor Neurop\u00e1tico, afectado de Esclerosis M\u00faltiple Progresiva, capaz de trasmitir su fuerza, una energ\u00eda que, a veces, no parece de este mundo. Carlos Mateo-Sagasta. Voluntario de la Asociaci\u00f3n<span class=\"ellipsis\">&hellip;<\/span><\/p>\n<div class=\"read-more\"><a href=\"https:\/\/www.pacientesatm.com\/?p=886\">Leer m\u00e1s \u203a<\/a><\/div>\n<p><!-- end of .read-more --><\/p>\n","protected":false},"author":3,"featured_media":887,"comment_status":"closed","ping_status":"closed","sticky":false,"template":"","format":"standard","meta":{"footnotes":""},"categories":[3],"tags":[],"class_list":["post-886","post","type-post","status-publish","format-standard","has-post-thumbnail","hentry","category-noticias"],"yoast_head":"<!-- This site is optimized with the Yoast SEO plugin v21.1 - https:\/\/yoast.com\/wordpress\/plugins\/seo\/ -->\n<title>\u201cEsto es como ir a la guerra todos los d\u00edas. No te puedes permitir una depresi\u00f3n porque est\u00e1s luchando por otros\u201d - Asociaci\u00f3n Espa\u00f1ola de Pacientes con Dolor Neurop\u00e1tico<\/title>\n<meta name=\"description\" content=\"Asociaci\u00f3n de Pacientes que sufren Dolor. Nuestro equipo de m\u00e9dicos y sanitarios intentamos ayudar a todos los pacientes que sufren dolor\" \/>\n<meta name=\"robots\" content=\"index, follow, max-snippet:-1, max-image-preview:large, max-video-preview:-1\" \/>\n<link rel=\"canonical\" href=\"https:\/\/www.pacientesatm.com\/?p=886\" \/>\n<meta property=\"og:locale\" content=\"es_ES\" \/>\n<meta property=\"og:type\" content=\"article\" \/>\n<meta property=\"og:title\" content=\"\u201cEsto es como ir a la guerra todos los d\u00edas. No te puedes permitir una depresi\u00f3n porque est\u00e1s luchando por otros\u201d - Asociaci\u00f3n Espa\u00f1ola de Pacientes con Dolor Neurop\u00e1tico\" \/>\n<meta property=\"og:description\" content=\"Asociaci\u00f3n de Pacientes que sufren Dolor. Nuestro equipo de m\u00e9dicos y sanitarios intentamos ayudar a todos los pacientes que sufren dolor\" \/>\n<meta property=\"og:url\" content=\"https:\/\/www.pacientesatm.com\/?p=886\" \/>\n<meta property=\"og:site_name\" content=\"Asociaci\u00f3n Espa\u00f1ola de Pacientes con Dolor Neurop\u00e1tico\" \/>\n<meta property=\"article:publisher\" content=\"https:\/\/www.facebook.com\/dolorneuropatico\" \/>\n<meta property=\"article:published_time\" content=\"2016-05-12T11:56:23+00:00\" \/>\n<meta property=\"article:modified_time\" content=\"2022-08-27T11:53:56+00:00\" \/>\n<meta property=\"og:image\" content=\"https:\/\/www.pacientesatm.com\/wp-content\/uploads\/2016\/05\/fotoMTD12-mayo-2016.png\" \/>\n\t<meta property=\"og:image:width\" content=\"601\" \/>\n\t<meta property=\"og:image:height\" content=\"339\" \/>\n\t<meta property=\"og:image:type\" content=\"image\/png\" \/>\n<meta name=\"author\" content=\"Ignacio del Rio\" \/>\n<meta name=\"twitter:card\" content=\"summary_large_image\" \/>\n<meta name=\"twitter:creator\" content=\"@AlianzaDolor\" \/>\n<meta name=\"twitter:site\" content=\"@AlianzaDolor\" \/>\n<meta name=\"twitter:label1\" content=\"Escrito por\" \/>\n\t<meta name=\"twitter:data1\" content=\"Ignacio del Rio\" \/>\n\t<meta name=\"twitter:label2\" content=\"Tiempo de lectura\" \/>\n\t<meta name=\"twitter:data2\" content=\"6 minutos\" \/>\n<script type=\"application\/ld+json\" class=\"yoast-schema-graph\">{\"@context\":\"https:\/\/schema.org\",\"@graph\":[{\"@type\":\"NewsArticle\",\"@id\":\"https:\/\/www.pacientesatm.com\/?p=886#article\",\"isPartOf\":{\"@id\":\"https:\/\/www.pacientesatm.com\/?p=886\"},\"author\":{\"name\":\"Ignacio del Rio\",\"@id\":\"https:\/\/www.pacientesatm.com\/#\/schema\/person\/b2abb3172d8c79abb77ae65f95c64582\"},\"headline\":\"\u201cEsto es como ir a la guerra todos los d\u00edas. No te puedes permitir una depresi\u00f3n porque est\u00e1s luchando por otros\u201d\",\"datePublished\":\"2016-05-12T11:56:23+00:00\",\"dateModified\":\"2022-08-27T11:53:56+00:00\",\"mainEntityOfPage\":{\"@id\":\"https:\/\/www.pacientesatm.com\/?p=886\"},\"wordCount\":1202,\"publisher\":{\"@id\":\"https:\/\/www.pacientesatm.com\/#organization\"},\"articleSection\":[\"Noticias\"],\"inLanguage\":\"es\"},{\"@type\":[\"WebPage\",\"MedicalWebPage\"],\"@id\":\"https:\/\/www.pacientesatm.com\/?p=886\",\"url\":\"https:\/\/www.pacientesatm.com\/?p=886\",\"name\":\"\u201cEsto es como ir a la guerra todos los d\u00edas. No te puedes permitir una depresi\u00f3n porque est\u00e1s luchando por otros\u201d - Asociaci\u00f3n Espa\u00f1ola de Pacientes con Dolor Neurop\u00e1tico\",\"isPartOf\":{\"@id\":\"https:\/\/www.pacientesatm.com\/#website\"},\"datePublished\":\"2016-05-12T11:56:23+00:00\",\"dateModified\":\"2022-08-27T11:53:56+00:00\",\"description\":\"Asociaci\u00f3n de Pacientes que sufren Dolor. Nuestro equipo de m\u00e9dicos y sanitarios intentamos ayudar a todos los pacientes que sufren dolor\",\"breadcrumb\":{\"@id\":\"https:\/\/www.pacientesatm.com\/?p=886#breadcrumb\"},\"inLanguage\":\"es\",\"potentialAction\":[{\"@type\":\"ReadAction\",\"target\":[\"https:\/\/www.pacientesatm.com\/?p=886\"]}]},{\"@type\":\"BreadcrumbList\",\"@id\":\"https:\/\/www.pacientesatm.com\/?p=886#breadcrumb\",\"itemListElement\":[{\"@type\":\"ListItem\",\"position\":1,\"name\":\"Portada\",\"item\":\"https:\/\/www.pacientesatm.com\/\"},{\"@type\":\"ListItem\",\"position\":2,\"name\":\"\u201cEsto es como ir a la guerra todos los d\u00edas. No te puedes permitir una depresi\u00f3n porque est\u00e1s luchando por otros\u201d\"}]},{\"@type\":\"WebSite\",\"@id\":\"https:\/\/www.pacientesatm.com\/#website\",\"url\":\"https:\/\/www.pacientesatm.com\/\",\"name\":\"Asociaci\u00f3n Espa\u00f1ola de Pacientes con Dolor Trig\u00e9mino\",\"description\":\"Asociaci\u00f3n Espa\u00f1ola de Pacientes con Dolor Neuropatico, Dolor Cronico y Neuralgia del Trig\u00e9mino\",\"publisher\":{\"@id\":\"https:\/\/www.pacientesatm.com\/#organization\"},\"alternateName\":\"Alianza Contra el Dolor\",\"potentialAction\":[{\"@type\":\"SearchAction\",\"target\":{\"@type\":\"EntryPoint\",\"urlTemplate\":\"https:\/\/www.pacientesatm.com\/?s={search_term_string}\"},\"query-input\":\"required name=search_term_string\"}],\"inLanguage\":\"es\"},{\"@type\":\"Organization\",\"@id\":\"https:\/\/www.pacientesatm.com\/#organization\",\"name\":\"Alianza Contra el Dolor\",\"alternateName\":\"Alianza Contra el Dolor\",\"url\":\"https:\/\/www.pacientesatm.com\/\",\"logo\":{\"@type\":\"ImageObject\",\"inLanguage\":\"es\",\"@id\":\"https:\/\/www.pacientesatm.com\/#\/schema\/logo\/image\/\",\"url\":\"https:\/\/www.pacientesatm.com\/wp-content\/uploads\/2022\/10\/Logo_alianzadolor2022_fondotransparente.png\",\"contentUrl\":\"https:\/\/www.pacientesatm.com\/wp-content\/uploads\/2022\/10\/Logo_alianzadolor2022_fondotransparente.png\",\"width\":709,\"height\":709,\"caption\":\"Alianza Contra el Dolor\"},\"image\":{\"@id\":\"https:\/\/www.pacientesatm.com\/#\/schema\/logo\/image\/\"},\"sameAs\":[\"https:\/\/www.facebook.com\/dolorneuropatico\",\"https:\/\/twitter.com\/AlianzaDolor\",\"https:\/\/www.instagram.com\/alianzacontraeldolor\",\"https:\/\/www.youtube.com\/Alianzacontraeldolor\",\"https:\/\/www.linkedin.com\/company\/alianza-contra-el-dolor\/\"]},{\"@type\":\"Person\",\"@id\":\"https:\/\/www.pacientesatm.com\/#\/schema\/person\/b2abb3172d8c79abb77ae65f95c64582\",\"name\":\"Ignacio del Rio\",\"image\":{\"@type\":\"ImageObject\",\"inLanguage\":\"es\",\"@id\":\"https:\/\/www.pacientesatm.com\/#\/schema\/person\/image\/\",\"url\":\"https:\/\/secure.gravatar.com\/avatar\/63d1fa88871c7590b4875c08cc5a5de2663b014c4e5bda3333bb9fb69bb27b0a?s=96&d=mm&r=g\",\"contentUrl\":\"https:\/\/secure.gravatar.com\/avatar\/63d1fa88871c7590b4875c08cc5a5de2663b014c4e5bda3333bb9fb69bb27b0a?s=96&d=mm&r=g\",\"caption\":\"Ignacio del Rio\"},\"url\":\"https:\/\/www.pacientesatm.com\/?author=3\"}]}<\/script>\n<!-- \/ Yoast SEO plugin. -->","yoast_head_json":{"title":"\u201cEsto es como ir a la guerra todos los d\u00edas. No te puedes permitir una depresi\u00f3n porque est\u00e1s luchando por otros\u201d - Asociaci\u00f3n Espa\u00f1ola de Pacientes con Dolor Neurop\u00e1tico","description":"Asociaci\u00f3n de Pacientes que sufren Dolor. Nuestro equipo de m\u00e9dicos y sanitarios intentamos ayudar a todos los pacientes que sufren dolor","robots":{"index":"index","follow":"follow","max-snippet":"max-snippet:-1","max-image-preview":"max-image-preview:large","max-video-preview":"max-video-preview:-1"},"canonical":"https:\/\/www.pacientesatm.com\/?p=886","og_locale":"es_ES","og_type":"article","og_title":"\u201cEsto es como ir a la guerra todos los d\u00edas. No te puedes permitir una depresi\u00f3n porque est\u00e1s luchando por otros\u201d - Asociaci\u00f3n Espa\u00f1ola de Pacientes con Dolor Neurop\u00e1tico","og_description":"Asociaci\u00f3n de Pacientes que sufren Dolor. Nuestro equipo de m\u00e9dicos y sanitarios intentamos ayudar a todos los pacientes que sufren dolor","og_url":"https:\/\/www.pacientesatm.com\/?p=886","og_site_name":"Asociaci\u00f3n Espa\u00f1ola de Pacientes con Dolor Neurop\u00e1tico","article_publisher":"https:\/\/www.facebook.com\/dolorneuropatico","article_published_time":"2016-05-12T11:56:23+00:00","article_modified_time":"2022-08-27T11:53:56+00:00","og_image":[{"width":601,"height":339,"url":"https:\/\/www.pacientesatm.com\/wp-content\/uploads\/2016\/05\/fotoMTD12-mayo-2016.png","type":"image\/png"}],"author":"Ignacio del Rio","twitter_card":"summary_large_image","twitter_creator":"@AlianzaDolor","twitter_site":"@AlianzaDolor","twitter_misc":{"Escrito por":"Ignacio del Rio","Tiempo de lectura":"6 minutos"},"schema":{"@context":"https:\/\/schema.org","@graph":[{"@type":"NewsArticle","@id":"https:\/\/www.pacientesatm.com\/?p=886#article","isPartOf":{"@id":"https:\/\/www.pacientesatm.com\/?p=886"},"author":{"name":"Ignacio del Rio","@id":"https:\/\/www.pacientesatm.com\/#\/schema\/person\/b2abb3172d8c79abb77ae65f95c64582"},"headline":"\u201cEsto es como ir a la guerra todos los d\u00edas. No te puedes permitir una depresi\u00f3n porque est\u00e1s luchando por otros\u201d","datePublished":"2016-05-12T11:56:23+00:00","dateModified":"2022-08-27T11:53:56+00:00","mainEntityOfPage":{"@id":"https:\/\/www.pacientesatm.com\/?p=886"},"wordCount":1202,"publisher":{"@id":"https:\/\/www.pacientesatm.com\/#organization"},"articleSection":["Noticias"],"inLanguage":"es"},{"@type":["WebPage","MedicalWebPage"],"@id":"https:\/\/www.pacientesatm.com\/?p=886","url":"https:\/\/www.pacientesatm.com\/?p=886","name":"\u201cEsto es como ir a la guerra todos los d\u00edas. No te puedes permitir una depresi\u00f3n porque est\u00e1s luchando por otros\u201d - Asociaci\u00f3n Espa\u00f1ola de Pacientes con Dolor Neurop\u00e1tico","isPartOf":{"@id":"https:\/\/www.pacientesatm.com\/#website"},"datePublished":"2016-05-12T11:56:23+00:00","dateModified":"2022-08-27T11:53:56+00:00","description":"Asociaci\u00f3n de Pacientes que sufren Dolor. Nuestro equipo de m\u00e9dicos y sanitarios intentamos ayudar a todos los pacientes que sufren dolor","breadcrumb":{"@id":"https:\/\/www.pacientesatm.com\/?p=886#breadcrumb"},"inLanguage":"es","potentialAction":[{"@type":"ReadAction","target":["https:\/\/www.pacientesatm.com\/?p=886"]}]},{"@type":"BreadcrumbList","@id":"https:\/\/www.pacientesatm.com\/?p=886#breadcrumb","itemListElement":[{"@type":"ListItem","position":1,"name":"Portada","item":"https:\/\/www.pacientesatm.com\/"},{"@type":"ListItem","position":2,"name":"\u201cEsto es como ir a la guerra todos los d\u00edas. No te puedes permitir una depresi\u00f3n porque est\u00e1s luchando por otros\u201d"}]},{"@type":"WebSite","@id":"https:\/\/www.pacientesatm.com\/#website","url":"https:\/\/www.pacientesatm.com\/","name":"Asociaci\u00f3n Espa\u00f1ola de Pacientes con Dolor Trig\u00e9mino","description":"Asociaci\u00f3n Espa\u00f1ola de Pacientes con Dolor Neuropatico, Dolor Cronico y Neuralgia del Trig\u00e9mino","publisher":{"@id":"https:\/\/www.pacientesatm.com\/#organization"},"alternateName":"Alianza Contra el Dolor","potentialAction":[{"@type":"SearchAction","target":{"@type":"EntryPoint","urlTemplate":"https:\/\/www.pacientesatm.com\/?s={search_term_string}"},"query-input":"required name=search_term_string"}],"inLanguage":"es"},{"@type":"Organization","@id":"https:\/\/www.pacientesatm.com\/#organization","name":"Alianza Contra el Dolor","alternateName":"Alianza Contra el Dolor","url":"https:\/\/www.pacientesatm.com\/","logo":{"@type":"ImageObject","inLanguage":"es","@id":"https:\/\/www.pacientesatm.com\/#\/schema\/logo\/image\/","url":"https:\/\/www.pacientesatm.com\/wp-content\/uploads\/2022\/10\/Logo_alianzadolor2022_fondotransparente.png","contentUrl":"https:\/\/www.pacientesatm.com\/wp-content\/uploads\/2022\/10\/Logo_alianzadolor2022_fondotransparente.png","width":709,"height":709,"caption":"Alianza Contra el Dolor"},"image":{"@id":"https:\/\/www.pacientesatm.com\/#\/schema\/logo\/image\/"},"sameAs":["https:\/\/www.facebook.com\/dolorneuropatico","https:\/\/twitter.com\/AlianzaDolor","https:\/\/www.instagram.com\/alianzacontraeldolor","https:\/\/www.youtube.com\/Alianzacontraeldolor","https:\/\/www.linkedin.com\/company\/alianza-contra-el-dolor\/"]},{"@type":"Person","@id":"https:\/\/www.pacientesatm.com\/#\/schema\/person\/b2abb3172d8c79abb77ae65f95c64582","name":"Ignacio del Rio","image":{"@type":"ImageObject","inLanguage":"es","@id":"https:\/\/www.pacientesatm.com\/#\/schema\/person\/image\/","url":"https:\/\/secure.gravatar.com\/avatar\/63d1fa88871c7590b4875c08cc5a5de2663b014c4e5bda3333bb9fb69bb27b0a?s=96&d=mm&r=g","contentUrl":"https:\/\/secure.gravatar.com\/avatar\/63d1fa88871c7590b4875c08cc5a5de2663b014c4e5bda3333bb9fb69bb27b0a?s=96&d=mm&r=g","caption":"Ignacio del Rio"},"url":"https:\/\/www.pacientesatm.com\/?author=3"}]}},"_links":{"self":[{"href":"https:\/\/www.pacientesatm.com\/index.php?rest_route=\/wp\/v2\/posts\/886","targetHints":{"allow":["GET"]}}],"collection":[{"href":"https:\/\/www.pacientesatm.com\/index.php?rest_route=\/wp\/v2\/posts"}],"about":[{"href":"https:\/\/www.pacientesatm.com\/index.php?rest_route=\/wp\/v2\/types\/post"}],"author":[{"embeddable":true,"href":"https:\/\/www.pacientesatm.com\/index.php?rest_route=\/wp\/v2\/users\/3"}],"replies":[{"embeddable":true,"href":"https:\/\/www.pacientesatm.com\/index.php?rest_route=%2Fwp%2Fv2%2Fcomments&post=886"}],"version-history":[{"count":9,"href":"https:\/\/www.pacientesatm.com\/index.php?rest_route=\/wp\/v2\/posts\/886\/revisions"}],"predecessor-version":[{"id":903,"href":"https:\/\/www.pacientesatm.com\/index.php?rest_route=\/wp\/v2\/posts\/886\/revisions\/903"}],"wp:featuredmedia":[{"embeddable":true,"href":"https:\/\/www.pacientesatm.com\/index.php?rest_route=\/wp\/v2\/media\/887"}],"wp:attachment":[{"href":"https:\/\/www.pacientesatm.com\/index.php?rest_route=%2Fwp%2Fv2%2Fmedia&parent=886"}],"wp:term":[{"taxonomy":"category","embeddable":true,"href":"https:\/\/www.pacientesatm.com\/index.php?rest_route=%2Fwp%2Fv2%2Fcategories&post=886"},{"taxonomy":"post_tag","embeddable":true,"href":"https:\/\/www.pacientesatm.com\/index.php?rest_route=%2Fwp%2Fv2%2Ftags&post=886"}],"curies":[{"name":"wp","href":"https:\/\/api.w.org\/{rel}","templated":true}]}}