{"id":961,"date":"2016-09-23T10:56:03","date_gmt":"2016-09-23T10:56:03","guid":{"rendered":"http:\/\/www.pacientesatm.com\/?p=961"},"modified":"2022-08-27T12:19:59","modified_gmt":"2022-08-27T12:19:59","slug":"los-pacientes-que-presentan-disfuncion-de-atm-sufren-fuertes-dolores-al-masticar-y-hablar","status":"publish","type":"post","link":"https:\/\/www.pacientesatm.com\/?p=961","title":{"rendered":"Los pacientes que presenta dolor de mandibula y   dolor orofacial no pueden masticar"},"content":{"rendered":"<p><strong>Deben tener controles y pueden necesitar complementos nutricionales para complementar su dieta<\/strong><\/p>\n<p><img loading=\"lazy\" decoding=\"async\" class=\"size-full wp-image-962 aligncenter\" src=\"http:\/\/www.pacientesatm.com\/wp-content\/uploads\/2016\/09\/foto-para-MTD25.png\" alt=\"foto-para-MTD25\" width=\"601\" height=\"339\" srcset=\"https:\/\/www.pacientesatm.com\/wp-content\/uploads\/2016\/09\/foto-para-MTD25.png 601w, https:\/\/www.pacientesatm.com\/wp-content\/uploads\/2016\/09\/foto-para-MTD25-300x169.png 300w, https:\/\/www.pacientesatm.com\/wp-content\/uploads\/2016\/09\/foto-para-MTD25-100x56.png 100w, https:\/\/www.pacientesatm.com\/wp-content\/uploads\/2016\/09\/foto-para-MTD25-150x85.png 150w, https:\/\/www.pacientesatm.com\/wp-content\/uploads\/2016\/09\/foto-para-MTD25-200x113.png 200w, https:\/\/www.pacientesatm.com\/wp-content\/uploads\/2016\/09\/foto-para-MTD25-450x254.png 450w, https:\/\/www.pacientesatm.com\/wp-content\/uploads\/2016\/09\/foto-para-MTD25-600x338.png 600w\" sizes=\"auto, (max-width: 601px) 100vw, 601px\" \/><\/p>\n<p>La disfunci\u00f3n de la mand\u00edbula y el dolor asociado a todos los Trastornos Temporomandibulares pueden impactar en la habilidad para morder, masticar y tragar la comida. En ocasiones, en algunos pacientes al desplazarse el disco articular y no acompa\u00f1ar al c\u00f3ndilo en sus movimientos se produce una co-contracci\u00f3n de defensa que cualquier movimiento de la boca les produce dolor. El mero hecho de hablar ya produce un severo dolor continuo y constante.<\/p>\n<p>Si la misma lesi\u00f3n, por ejemplo, tiene lugar en la rodilla, el paciente no podr\u00eda andar.<\/p>\n<p>En la ATM el paciente presenta dificultades para mover los dos huesos que se encuentran anat\u00f3micamente al lado de los o\u00eddos. Son dos discos articulares que se pueden visualizar perfectamente con pruebas cl\u00ednicas de imagen.<\/p>\n<p>Si el paciente presenta desplazamiento de uno o dos de los discos articulares de la ATM, el paciente puede presentar inflamaci\u00f3n cr\u00f3nica con lo movimientos para hablar y comer. La apertura de la boca se puede ver limitada.<\/p>\n<p>Los especialistas maxilofaciales que colaboran con nuestra entidad resaltan que hay ciertos h\u00e1bitos que hay que eliminar por completo cuando el paciente presenta desplazamiento del disco articular y dolor. <strong>\u201cSe debe evitar \u2013en la medida de lo posible-, masticar chicle, comer frutos secos \u00f3 comidas chiclosas como pueden ser calamares, sepia, pulpo, regalices, etc\u201d, <\/strong>se\u00f1alan los expertos.<\/p>\n<p><strong><span style=\"color: #900;\">\u00a0Lo importante es tu seguridad\u00a0<\/span> <\/strong><\/p>\n<p>C\u00f3mo y qu\u00e9 puedes comer puede comprometer seriamente tu estado nutricional y hasta tu vida social. Puede ser un poco extra\u00f1o recurrir siempre a una tortilla francesa o una sopa. Puede ser sorprendente para los dem\u00e1s estar en una ceremonia que se acerquen a ofrecerte algo de comer y ser la \u00fanica persona incapaz de poder abrir la boca.<\/p>\n<p>Desde luego el punto m\u00e1s importante, no es lo que piensen los dem\u00e1s de ti. Sino que la persona afectada por esta patolog\u00eda consiga estar alimentada correctamente y que no le importe lo que los dem\u00e1s piensen de \u00e9l o ella.<\/p>\n<p>Puedes explicar a otras personas tu lesi\u00f3n f\u00e1cilmente diciendo que es como si tuvieras la rodilla rota y te hicieran saltar de puntillas con esa rodilla rota.<\/p>\n<p>La dieta blanda puede ser totalmente normal y adecuada en personas que sufren este tipo de lesi\u00f3n: huevos, zumos naturales, batidos, pures, sopas, arroces, helados y yogures, pescados, son algunos de los alimentos que no requieren tanto abrir la boca, ni masticar en exceso y puedes utilizar cubiertos de postre para evitar abrirla demasiado.<\/p>\n<p>A los profesionales sanitarios se les aconseja prescribir al menos una vez al a\u00f1o una anal\u00edtica para comprobar que prote\u00ednas y otros marcadores est\u00e1n correctos entre estos afectados.<\/p>\n<p>Las Asociaciones de Pacientes hemos preguntado a los afectados sobre este tema y las respuestas son sorprendentes. En ocasiones estos pacientes pueden llegar a sufrir la incomprensi\u00f3n de los dem\u00e1s.<\/p>\n<p>Recordamos una paciente que fue intervenida de la ATM y sus propia familia la tachaba de anor\u00e9xica. Lo cual demuestra que a las Asociaciones de Pacientes nos queda mucho por divulgar en torno a esta patolog\u00eda.<\/p>\n<p><strong><em>\u201cHay algunos d\u00edas en los que estoy hambriento, pero s\u00e9 que el precio que tendr\u00e9 que pagar si \u2018mastico\u2019 las comidas err\u00f3neas es tan inmenso que prefiero recurrir a los zumos. S\u00e9 que me doler\u00e1 m\u00e1s el hecho de masticar\u201d <\/em><\/strong>explican algunos pacientes.<\/p>\n<p>Los psic\u00f3logos por su parte recomiendan a los afectados no ocultarse. Y divulgar el conocimiento de esta patolog\u00eda y no dar importancia a la opini\u00f3n de los dem\u00e1s. Aunque puede suponer un profundo dolor sufrir un rechazo social por ese tema \u2013incluso por parte de la propia familia-. <strong>\u201cLa ignorancia y la falta de conocimiento en esta patolog\u00eda es inmensa\u201d<\/strong>, se\u00f1alan los psic\u00f3logos de nuestra Asociaci\u00f3n.<\/p>\n<p>En ocasiones, hay que darles a los pacientes las herramientas necesarias para afrontar estas circunstancias que les discrimina en cierta manera. <strong>\u201cSi un amigo se r\u00ede de ti por sufrir esta patolog\u00eda es que realmente no era tu amigo. Te pasa con esta enfermedad, pero podr\u00eda haberte pasado con otra diferente. Cuanto antes te des cuenta de esta situaci\u00f3n, mejor\u201d<\/strong>, se\u00f1alan los psic\u00f3logos. \u00a0<em>\u00a0<\/em><\/p>\n<p>En ocasiones puede ser necesario recurrir a complementos nutricionales y vitaminas que puedan completar la nutrici\u00f3n diaria de estos pacientes, siempre en manos de su m\u00e9dico de referencia y realizando un seguimiento con los marcadores adecuados y pruebas de control adecuadas.<\/p>\n<p><span style=\"color: #900;\">Departamento de Prensa de la Asociaci\u00f3n de Pacientes con Dolor Neurop\u00e1tico. Miembros de la Asociaci\u00f3n Nacional de Informadores de Salud con la colaboraci\u00f3n del Comit\u00e9 Cient\u00edfico. Si quieres ampliar informaci\u00f3n sobre este tema puedes pinchar en <a style=\"color: #993300;\" href=\"http:\/\/www.pacientesatm.com\">www.pacientesatm.com<\/a><\/span><\/p>\n<p><span style=\"color: #900;\">@AEPAATM<\/span><\/p>\n","protected":false},"excerpt":{"rendered":"<p>Deben tener controles y pueden necesitar complementos nutricionales para complementar su dieta La disfunci\u00f3n de la mand\u00edbula y el dolor asociado a todos los Trastornos Temporomandibulares pueden impactar en la habilidad para morder, masticar y tragar la comida. En ocasiones,<span class=\"ellipsis\">&hellip;<\/span><\/p>\n<div class=\"read-more\"><a href=\"https:\/\/www.pacientesatm.com\/?p=961\">Leer m\u00e1s \u203a<\/a><\/div>\n<p><!-- end of .read-more --><\/p>\n","protected":false},"author":3,"featured_media":962,"comment_status":"closed","ping_status":"closed","sticky":false,"template":"","format":"standard","meta":{"footnotes":""},"categories":[4,3],"tags":[],"class_list":["post-961","post","type-post","status-publish","format-standard","has-post-thumbnail","hentry","category-noticas-de-portada","category-noticias"],"yoast_head":"<!-- This site is optimized with the Yoast SEO plugin v21.1 - https:\/\/yoast.com\/wordpress\/plugins\/seo\/ -->\n<title>Los pacientes que presenta dolor de mandibula y  dolor orofacial no pueden masticar - Asociaci\u00f3n Espa\u00f1ola de Pacientes con Dolor Neurop\u00e1tico<\/title>\n<meta name=\"description\" content=\"Asociaci\u00f3n de Pacientes que sufren Dolor. Nuestro equipo de m\u00e9dicos y sanitarios intentamos ayudar a todos los pacientes que sufren dolor\" \/>\n<meta name=\"robots\" content=\"index, follow, max-snippet:-1, max-image-preview:large, max-video-preview:-1\" \/>\n<link rel=\"canonical\" href=\"https:\/\/www.pacientesatm.com\/?p=961\" \/>\n<meta property=\"og:locale\" content=\"es_ES\" \/>\n<meta property=\"og:type\" content=\"article\" \/>\n<meta property=\"og:title\" content=\"Los pacientes que presenta dolor de mandibula y  dolor orofacial no pueden masticar - Asociaci\u00f3n Espa\u00f1ola de Pacientes con Dolor Neurop\u00e1tico\" \/>\n<meta property=\"og:description\" content=\"Asociaci\u00f3n de Pacientes que sufren Dolor. Nuestro equipo de m\u00e9dicos y sanitarios intentamos ayudar a todos los pacientes que sufren dolor\" \/>\n<meta property=\"og:url\" content=\"https:\/\/www.pacientesatm.com\/?p=961\" \/>\n<meta property=\"og:site_name\" content=\"Asociaci\u00f3n Espa\u00f1ola de Pacientes con Dolor Neurop\u00e1tico\" \/>\n<meta property=\"article:publisher\" content=\"https:\/\/www.facebook.com\/dolorneuropatico\" \/>\n<meta property=\"article:published_time\" content=\"2016-09-23T10:56:03+00:00\" \/>\n<meta property=\"article:modified_time\" content=\"2022-08-27T12:19:59+00:00\" \/>\n<meta property=\"og:image\" content=\"https:\/\/www.pacientesatm.com\/wp-content\/uploads\/2016\/09\/foto-para-MTD25.png\" \/>\n\t<meta property=\"og:image:width\" content=\"601\" \/>\n\t<meta property=\"og:image:height\" content=\"339\" \/>\n\t<meta property=\"og:image:type\" content=\"image\/png\" \/>\n<meta name=\"author\" content=\"Ignacio del Rio\" \/>\n<meta name=\"twitter:card\" content=\"summary_large_image\" \/>\n<meta name=\"twitter:creator\" content=\"@AlianzaDolor\" \/>\n<meta name=\"twitter:site\" content=\"@AlianzaDolor\" \/>\n<meta name=\"twitter:label1\" content=\"Escrito por\" \/>\n\t<meta name=\"twitter:data1\" content=\"Ignacio del Rio\" \/>\n\t<meta name=\"twitter:label2\" content=\"Tiempo de lectura\" \/>\n\t<meta name=\"twitter:data2\" content=\"4 minutos\" \/>\n<script type=\"application\/ld+json\" class=\"yoast-schema-graph\">{\"@context\":\"https:\/\/schema.org\",\"@graph\":[{\"@type\":\"NewsArticle\",\"@id\":\"https:\/\/www.pacientesatm.com\/?p=961#article\",\"isPartOf\":{\"@id\":\"https:\/\/www.pacientesatm.com\/?p=961\"},\"author\":{\"name\":\"Ignacio del Rio\",\"@id\":\"https:\/\/www.pacientesatm.com\/#\/schema\/person\/b2abb3172d8c79abb77ae65f95c64582\"},\"headline\":\"Los pacientes que presenta dolor de mandibula y dolor orofacial no pueden masticar\",\"datePublished\":\"2016-09-23T10:56:03+00:00\",\"dateModified\":\"2022-08-27T12:19:59+00:00\",\"mainEntityOfPage\":{\"@id\":\"https:\/\/www.pacientesatm.com\/?p=961\"},\"wordCount\":832,\"publisher\":{\"@id\":\"https:\/\/www.pacientesatm.com\/#organization\"},\"articleSection\":[\"Noticas de Portada\",\"Noticias\"],\"inLanguage\":\"es\"},{\"@type\":[\"WebPage\",\"MedicalWebPage\"],\"@id\":\"https:\/\/www.pacientesatm.com\/?p=961\",\"url\":\"https:\/\/www.pacientesatm.com\/?p=961\",\"name\":\"Los pacientes que presenta dolor de mandibula y dolor orofacial no pueden masticar - Asociaci\u00f3n Espa\u00f1ola de Pacientes con Dolor Neurop\u00e1tico\",\"isPartOf\":{\"@id\":\"https:\/\/www.pacientesatm.com\/#website\"},\"datePublished\":\"2016-09-23T10:56:03+00:00\",\"dateModified\":\"2022-08-27T12:19:59+00:00\",\"description\":\"Asociaci\u00f3n de Pacientes que sufren Dolor. Nuestro equipo de m\u00e9dicos y sanitarios intentamos ayudar a todos los pacientes que sufren dolor\",\"breadcrumb\":{\"@id\":\"https:\/\/www.pacientesatm.com\/?p=961#breadcrumb\"},\"inLanguage\":\"es\",\"potentialAction\":[{\"@type\":\"ReadAction\",\"target\":[\"https:\/\/www.pacientesatm.com\/?p=961\"]}]},{\"@type\":\"BreadcrumbList\",\"@id\":\"https:\/\/www.pacientesatm.com\/?p=961#breadcrumb\",\"itemListElement\":[{\"@type\":\"ListItem\",\"position\":1,\"name\":\"Portada\",\"item\":\"https:\/\/www.pacientesatm.com\/\"},{\"@type\":\"ListItem\",\"position\":2,\"name\":\"Los pacientes que presenta dolor de mandibula y dolor orofacial no pueden masticar\"}]},{\"@type\":\"WebSite\",\"@id\":\"https:\/\/www.pacientesatm.com\/#website\",\"url\":\"https:\/\/www.pacientesatm.com\/\",\"name\":\"Asociaci\u00f3n Espa\u00f1ola de Pacientes con Dolor Trig\u00e9mino\",\"description\":\"Asociaci\u00f3n Espa\u00f1ola de Pacientes con Dolor Neuropatico, Dolor Cronico y Neuralgia del Trig\u00e9mino\",\"publisher\":{\"@id\":\"https:\/\/www.pacientesatm.com\/#organization\"},\"alternateName\":\"Alianza Contra el Dolor\",\"potentialAction\":[{\"@type\":\"SearchAction\",\"target\":{\"@type\":\"EntryPoint\",\"urlTemplate\":\"https:\/\/www.pacientesatm.com\/?s={search_term_string}\"},\"query-input\":\"required name=search_term_string\"}],\"inLanguage\":\"es\"},{\"@type\":\"Organization\",\"@id\":\"https:\/\/www.pacientesatm.com\/#organization\",\"name\":\"Alianza Contra el Dolor\",\"alternateName\":\"Alianza Contra el Dolor\",\"url\":\"https:\/\/www.pacientesatm.com\/\",\"logo\":{\"@type\":\"ImageObject\",\"inLanguage\":\"es\",\"@id\":\"https:\/\/www.pacientesatm.com\/#\/schema\/logo\/image\/\",\"url\":\"https:\/\/www.pacientesatm.com\/wp-content\/uploads\/2022\/10\/Logo_alianzadolor2022_fondotransparente.png\",\"contentUrl\":\"https:\/\/www.pacientesatm.com\/wp-content\/uploads\/2022\/10\/Logo_alianzadolor2022_fondotransparente.png\",\"width\":709,\"height\":709,\"caption\":\"Alianza Contra el Dolor\"},\"image\":{\"@id\":\"https:\/\/www.pacientesatm.com\/#\/schema\/logo\/image\/\"},\"sameAs\":[\"https:\/\/www.facebook.com\/dolorneuropatico\",\"https:\/\/twitter.com\/AlianzaDolor\",\"https:\/\/www.instagram.com\/alianzacontraeldolor\",\"https:\/\/www.youtube.com\/Alianzacontraeldolor\",\"https:\/\/www.linkedin.com\/company\/alianza-contra-el-dolor\/\"]},{\"@type\":\"Person\",\"@id\":\"https:\/\/www.pacientesatm.com\/#\/schema\/person\/b2abb3172d8c79abb77ae65f95c64582\",\"name\":\"Ignacio del Rio\",\"image\":{\"@type\":\"ImageObject\",\"inLanguage\":\"es\",\"@id\":\"https:\/\/www.pacientesatm.com\/#\/schema\/person\/image\/\",\"url\":\"https:\/\/secure.gravatar.com\/avatar\/63d1fa88871c7590b4875c08cc5a5de2663b014c4e5bda3333bb9fb69bb27b0a?s=96&d=mm&r=g\",\"contentUrl\":\"https:\/\/secure.gravatar.com\/avatar\/63d1fa88871c7590b4875c08cc5a5de2663b014c4e5bda3333bb9fb69bb27b0a?s=96&d=mm&r=g\",\"caption\":\"Ignacio del Rio\"},\"url\":\"https:\/\/www.pacientesatm.com\/?author=3\"}]}<\/script>\n<!-- \/ Yoast SEO plugin. -->","yoast_head_json":{"title":"Los pacientes que presenta dolor de mandibula y  dolor orofacial no pueden masticar - Asociaci\u00f3n Espa\u00f1ola de Pacientes con Dolor Neurop\u00e1tico","description":"Asociaci\u00f3n de Pacientes que sufren Dolor. Nuestro equipo de m\u00e9dicos y sanitarios intentamos ayudar a todos los pacientes que sufren dolor","robots":{"index":"index","follow":"follow","max-snippet":"max-snippet:-1","max-image-preview":"max-image-preview:large","max-video-preview":"max-video-preview:-1"},"canonical":"https:\/\/www.pacientesatm.com\/?p=961","og_locale":"es_ES","og_type":"article","og_title":"Los pacientes que presenta dolor de mandibula y  dolor orofacial no pueden masticar - Asociaci\u00f3n Espa\u00f1ola de Pacientes con Dolor Neurop\u00e1tico","og_description":"Asociaci\u00f3n de Pacientes que sufren Dolor. Nuestro equipo de m\u00e9dicos y sanitarios intentamos ayudar a todos los pacientes que sufren dolor","og_url":"https:\/\/www.pacientesatm.com\/?p=961","og_site_name":"Asociaci\u00f3n Espa\u00f1ola de Pacientes con Dolor Neurop\u00e1tico","article_publisher":"https:\/\/www.facebook.com\/dolorneuropatico","article_published_time":"2016-09-23T10:56:03+00:00","article_modified_time":"2022-08-27T12:19:59+00:00","og_image":[{"width":601,"height":339,"url":"https:\/\/www.pacientesatm.com\/wp-content\/uploads\/2016\/09\/foto-para-MTD25.png","type":"image\/png"}],"author":"Ignacio del Rio","twitter_card":"summary_large_image","twitter_creator":"@AlianzaDolor","twitter_site":"@AlianzaDolor","twitter_misc":{"Escrito por":"Ignacio del Rio","Tiempo de lectura":"4 minutos"},"schema":{"@context":"https:\/\/schema.org","@graph":[{"@type":"NewsArticle","@id":"https:\/\/www.pacientesatm.com\/?p=961#article","isPartOf":{"@id":"https:\/\/www.pacientesatm.com\/?p=961"},"author":{"name":"Ignacio del Rio","@id":"https:\/\/www.pacientesatm.com\/#\/schema\/person\/b2abb3172d8c79abb77ae65f95c64582"},"headline":"Los pacientes que presenta dolor de mandibula y dolor orofacial no pueden masticar","datePublished":"2016-09-23T10:56:03+00:00","dateModified":"2022-08-27T12:19:59+00:00","mainEntityOfPage":{"@id":"https:\/\/www.pacientesatm.com\/?p=961"},"wordCount":832,"publisher":{"@id":"https:\/\/www.pacientesatm.com\/#organization"},"articleSection":["Noticas de Portada","Noticias"],"inLanguage":"es"},{"@type":["WebPage","MedicalWebPage"],"@id":"https:\/\/www.pacientesatm.com\/?p=961","url":"https:\/\/www.pacientesatm.com\/?p=961","name":"Los pacientes que presenta dolor de mandibula y dolor orofacial no pueden masticar - Asociaci\u00f3n Espa\u00f1ola de Pacientes con Dolor Neurop\u00e1tico","isPartOf":{"@id":"https:\/\/www.pacientesatm.com\/#website"},"datePublished":"2016-09-23T10:56:03+00:00","dateModified":"2022-08-27T12:19:59+00:00","description":"Asociaci\u00f3n de Pacientes que sufren Dolor. Nuestro equipo de m\u00e9dicos y sanitarios intentamos ayudar a todos los pacientes que sufren dolor","breadcrumb":{"@id":"https:\/\/www.pacientesatm.com\/?p=961#breadcrumb"},"inLanguage":"es","potentialAction":[{"@type":"ReadAction","target":["https:\/\/www.pacientesatm.com\/?p=961"]}]},{"@type":"BreadcrumbList","@id":"https:\/\/www.pacientesatm.com\/?p=961#breadcrumb","itemListElement":[{"@type":"ListItem","position":1,"name":"Portada","item":"https:\/\/www.pacientesatm.com\/"},{"@type":"ListItem","position":2,"name":"Los pacientes que presenta dolor de mandibula y dolor orofacial no pueden masticar"}]},{"@type":"WebSite","@id":"https:\/\/www.pacientesatm.com\/#website","url":"https:\/\/www.pacientesatm.com\/","name":"Asociaci\u00f3n Espa\u00f1ola de Pacientes con Dolor Trig\u00e9mino","description":"Asociaci\u00f3n Espa\u00f1ola de Pacientes con Dolor Neuropatico, Dolor Cronico y Neuralgia del Trig\u00e9mino","publisher":{"@id":"https:\/\/www.pacientesatm.com\/#organization"},"alternateName":"Alianza Contra el Dolor","potentialAction":[{"@type":"SearchAction","target":{"@type":"EntryPoint","urlTemplate":"https:\/\/www.pacientesatm.com\/?s={search_term_string}"},"query-input":"required name=search_term_string"}],"inLanguage":"es"},{"@type":"Organization","@id":"https:\/\/www.pacientesatm.com\/#organization","name":"Alianza Contra el Dolor","alternateName":"Alianza Contra el Dolor","url":"https:\/\/www.pacientesatm.com\/","logo":{"@type":"ImageObject","inLanguage":"es","@id":"https:\/\/www.pacientesatm.com\/#\/schema\/logo\/image\/","url":"https:\/\/www.pacientesatm.com\/wp-content\/uploads\/2022\/10\/Logo_alianzadolor2022_fondotransparente.png","contentUrl":"https:\/\/www.pacientesatm.com\/wp-content\/uploads\/2022\/10\/Logo_alianzadolor2022_fondotransparente.png","width":709,"height":709,"caption":"Alianza Contra el Dolor"},"image":{"@id":"https:\/\/www.pacientesatm.com\/#\/schema\/logo\/image\/"},"sameAs":["https:\/\/www.facebook.com\/dolorneuropatico","https:\/\/twitter.com\/AlianzaDolor","https:\/\/www.instagram.com\/alianzacontraeldolor","https:\/\/www.youtube.com\/Alianzacontraeldolor","https:\/\/www.linkedin.com\/company\/alianza-contra-el-dolor\/"]},{"@type":"Person","@id":"https:\/\/www.pacientesatm.com\/#\/schema\/person\/b2abb3172d8c79abb77ae65f95c64582","name":"Ignacio del Rio","image":{"@type":"ImageObject","inLanguage":"es","@id":"https:\/\/www.pacientesatm.com\/#\/schema\/person\/image\/","url":"https:\/\/secure.gravatar.com\/avatar\/63d1fa88871c7590b4875c08cc5a5de2663b014c4e5bda3333bb9fb69bb27b0a?s=96&d=mm&r=g","contentUrl":"https:\/\/secure.gravatar.com\/avatar\/63d1fa88871c7590b4875c08cc5a5de2663b014c4e5bda3333bb9fb69bb27b0a?s=96&d=mm&r=g","caption":"Ignacio del Rio"},"url":"https:\/\/www.pacientesatm.com\/?author=3"}]}},"_links":{"self":[{"href":"https:\/\/www.pacientesatm.com\/index.php?rest_route=\/wp\/v2\/posts\/961","targetHints":{"allow":["GET"]}}],"collection":[{"href":"https:\/\/www.pacientesatm.com\/index.php?rest_route=\/wp\/v2\/posts"}],"about":[{"href":"https:\/\/www.pacientesatm.com\/index.php?rest_route=\/wp\/v2\/types\/post"}],"author":[{"embeddable":true,"href":"https:\/\/www.pacientesatm.com\/index.php?rest_route=\/wp\/v2\/users\/3"}],"replies":[{"embeddable":true,"href":"https:\/\/www.pacientesatm.com\/index.php?rest_route=%2Fwp%2Fv2%2Fcomments&post=961"}],"version-history":[{"count":8,"href":"https:\/\/www.pacientesatm.com\/index.php?rest_route=\/wp\/v2\/posts\/961\/revisions"}],"predecessor-version":[{"id":1685,"href":"https:\/\/www.pacientesatm.com\/index.php?rest_route=\/wp\/v2\/posts\/961\/revisions\/1685"}],"wp:featuredmedia":[{"embeddable":true,"href":"https:\/\/www.pacientesatm.com\/index.php?rest_route=\/wp\/v2\/media\/962"}],"wp:attachment":[{"href":"https:\/\/www.pacientesatm.com\/index.php?rest_route=%2Fwp%2Fv2%2Fmedia&parent=961"}],"wp:term":[{"taxonomy":"category","embeddable":true,"href":"https:\/\/www.pacientesatm.com\/index.php?rest_route=%2Fwp%2Fv2%2Fcategories&post=961"},{"taxonomy":"post_tag","embeddable":true,"href":"https:\/\/www.pacientesatm.com\/index.php?rest_route=%2Fwp%2Fv2%2Ftags&post=961"}],"curies":[{"name":"wp","href":"https:\/\/api.w.org\/{rel}","templated":true}]}}